{"id":325886,"date":"2024-03-31T16:43:57","date_gmt":"2024-03-31T13:43:57","guid":{"rendered":"https:\/\/sana.sy\/es\/?p=325886"},"modified":"2024-03-31T16:46:02","modified_gmt":"2024-03-31T13:46:02","slug":"presidente-sirio-recalca-importancia-del-dialogo-para-adoptar-politicas-economicas-correctas","status":"publish","type":"post","link":"https:\/\/archive.sana.sy\/es\/?p=325886","title":{"rendered":"Presidente sirio recalca importancia del di\u00e1logo para adoptar pol\u00edticas econ\u00f3micas correctas"},"content":{"rendered":"<p style=\"text-align: justify;\"><span style=\"color: #800000;\"><strong>Damasco, 31 mar (SANA)\u00a0<\/strong><\/span> \u00a0El presidente sirio Bashar Al-Assad, dialog\u00f3 hoy un grupo de profesores de econom\u00eda de varias universidades gubernamentales y son miembros del Partido Baath \u00c1rabe Socialista.<\/p>\n<p style=\"text-align: justify;\">Al-Assad consider\u00f3 que la creaci\u00f3n de soluciones a los desaf\u00edos y problemas es un proceso acumulativo en el que el di\u00e1logo desempe\u00f1a un papel importante porque crea las visiones y las pol\u00edticas correctas.<\/p>\n<p style=\"text-align: justify;\"><img loading=\"lazy\" decoding=\"async\" class=\"wp-image-325887 alignleft\" src=\"http:\/\/sana.sy\/es\/wp-content\/uploads\/2024\/03\/siria-presidente-assad-bashar.jpeg\" alt=\"Presidente sirio recalca importancia del di\u00e1logo para adoptar pol\u00edticas econ\u00f3micas correctas\" width=\"346\" height=\"173\" srcset=\"https:\/\/archive.sana.sy\/es\/wp-content\/uploads\/2024\/03\/siria-presidente-assad-bashar.jpeg 660w, https:\/\/archive.sana.sy\/es\/wp-content\/uploads\/2024\/03\/siria-presidente-assad-bashar-300x150.jpeg 300w, https:\/\/archive.sana.sy\/es\/wp-content\/uploads\/2024\/03\/siria-presidente-assad-bashar-150x75.jpeg 150w\" sizes=\"(max-width: 346px) 100vw, 346px\" \/>\u201cEl di\u00e1logo no puede ser productivo en las mayores cuestiones econ\u00f3micas, sociales y pol\u00edticas a menos que sea sistem\u00e1tico, integral y continuo a nivel de sociedad, instituciones y medios de comunicaci\u00f3n, y est\u00e9 respaldado por una mentalidad cient\u00edfica, pr\u00e1ctica y acad\u00e9mica\u201d, indic\u00f3 el mandatario.<\/p>\n<p style=\"text-align: justify;\">Se abord\u00f3 durante el di\u00e1logo varios temas como la identidad requerida de la econom\u00eda siria, el socialismo, las pol\u00edticas de subsidio, la corrupci\u00f3n, las pol\u00edticas de fomento y crecimiento econ\u00f3mico.<\/p>\n<p style=\"text-align: justify;\">El sector p\u00fablico y su papel en el Estado y la asociaci\u00f3n con el sector privado para reactivar la producci\u00f3n, fueron tambi\u00e9n cuestiones tratadas en la reuni\u00f3n.<\/p>\n<p style=\"text-align: justify;\">fm<\/p>\n","protected":false},"excerpt":{"rendered":"<p>Damasco, 31 mar (SANA)\u00a0 \u00a0El presidente sirio Bashar Al-Assad, dialog\u00f3 hoy un grupo de profesores de econom\u00eda de varias universidades gubernamentales y son miembros del Partido Baath \u00c1rabe Socialista. Al-Assad consider\u00f3 que la creaci\u00f3n de soluciones a los desaf\u00edos y problemas es un proceso acumulativo en el que el di\u00e1logo desempe\u00f1a un papel importante porque &hellip;<\/p>\n","protected":false},"author":34,"featured_media":325889,"comment_status":"closed","ping_status":"closed","sticky":false,"template":"","format":"standard","meta":{"footnotes":""},"categories":[477,447,597,16686,20724,476,16237,583],"tags":[],"class_list":["post-325886","post","type-post","status-publish","format-standard","has-post-thumbnail","","category-noticias-edulcorantes","category-local-politica","category-cinta-de-noticias","category-economia","category-minuto-a-minuto","category-locales","category-presidence-de-la-republique-arabe-syria","category-slide"],"_links":{"self":[{"href":"https:\/\/archive.sana.sy\/es\/index.php?rest_route=\/wp\/v2\/posts\/325886"}],"collection":[{"href":"https:\/\/archive.sana.sy\/es\/index.php?rest_route=\/wp\/v2\/posts"}],"about":[{"href":"https:\/\/archive.sana.sy\/es\/index.php?rest_route=\/wp\/v2\/types\/post"}],"author":[{"embeddable":true,"href":"https:\/\/archive.sana.sy\/es\/index.php?rest_route=\/wp\/v2\/users\/34"}],"replies":[{"embeddable":true,"href":"https:\/\/archive.sana.sy\/es\/index.php?rest_route=%2Fwp%2Fv2%2Fcomments&post=325886"}],"version-history":[{"count":2,"href":"https:\/\/archive.sana.sy\/es\/index.php?rest_route=\/wp\/v2\/posts\/325886\/revisions"}],"predecessor-version":[{"id":325890,"href":"https:\/\/archive.sana.sy\/es\/index.php?rest_route=\/wp\/v2\/posts\/325886\/revisions\/325890"}],"wp:featuredmedia":[{"embeddable":true,"href":"https:\/\/archive.sana.sy\/es\/index.php?rest_route=\/wp\/v2\/media\/325889"}],"wp:attachment":[{"href":"https:\/\/archive.sana.sy\/es\/index.php?rest_route=%2Fwp%2Fv2%2Fmedia&parent=325886"}],"wp:term":[{"taxonomy":"category","embeddable":true,"href":"https:\/\/archive.sana.sy\/es\/index.php?rest_route=%2Fwp%2Fv2%2Fcategories&post=325886"},{"taxonomy":"post_tag","embeddable":true,"href":"https:\/\/archive.sana.sy\/es\/index.php?rest_route=%2Fwp%2Fv2%2Ftags&post=325886"}],"curies":[{"name":"wp","href":"https:\/\/api.w.org\/{rel}","templated":true}]}}