{"id":325999,"date":"2024-04-01T19:55:08","date_gmt":"2024-04-01T16:55:08","guid":{"rendered":"https:\/\/sana.sy\/es\/?p=325999"},"modified":"2024-04-01T20:28:03","modified_gmt":"2024-04-01T17:28:03","slug":"nueva-agresion-aerea-israeli-en-las-inmediaciones-de-damasco","status":"publish","type":"post","link":"https:\/\/archive.sana.sy\/es\/?p=325999","title":{"rendered":"Nueva agresi\u00f3n a\u00e9rea israel\u00ed en las inmediaciones de Damasco"},"content":{"rendered":"<p style=\"text-align: justify;\"><span style=\"color: #800000;\"><strong>Damasco, 1 abr (SANA)<\/strong><\/span> Dos civiles resultaron heridos por una agresi\u00f3n israel\u00ed contra varios puntos en los alrededores de Damasco, la capital.<\/p>\n<p style=\"text-align: justify;\">\u201cAproximadamente a las 21:30 horas de este domingo, 31 de marzo, el enemigo israel\u00ed llev\u00f3 a cabo un ataque con misiles disparados desde el Gol\u00e1n sirio ocupado, contra blancos en las cercan\u00edas de Damasco\u201d, inform\u00f3 el Ministerio de Defensa por medio de una nota de prensa.<\/p>\n<p style=\"text-align: justify;\">Agreg\u00f3 que &#8220;la agresi\u00f3n israel\u00ed provoc\u00f3 lesiones a dos civiles y algunas p\u00e9rdidas materiales&#8221;.<\/p>\n<p style=\"text-align: justify;\">El viernes \u00faltimo, el Ministerio de Exteriores y Expatriados denunci\u00f3 una agresi\u00f3n israel\u00ed la madrugada del 29 de marzo, contra varios puntos en la provincia de Alepo, lo que caus\u00f3 la muerte de civiles y soldados, y la ocurrencia de p\u00e9rdidas materiales en propiedades p\u00fablicas y privadas, afirm\u00f3 una declaraci\u00f3n de la Canciller\u00eda.<\/p>\n<p style=\"text-align: justify;\">Consider\u00f3 que no fue una coincidencia que la agresi\u00f3n sionista se llevara a cabo al mismo tiempo en que grupos terroristas armados lanzaran ataques por tierra y con drones desde Idlib y el oeste de Alepo.<\/p>\n<p style=\"text-align: justify;\">fm<\/p>\n","protected":false},"excerpt":{"rendered":"<p>Damasco, 1 abr (SANA) Dos civiles resultaron heridos por una agresi\u00f3n israel\u00ed contra varios puntos en los alrededores de Damasco, la capital. \u201cAproximadamente a las 21:30 horas de este domingo, 31 de marzo, el enemigo israel\u00ed llev\u00f3 a cabo un ataque con misiles disparados desde el Gol\u00e1n sirio ocupado, contra blancos en las cercan\u00edas de &hellip;<\/p>\n","protected":false},"author":34,"featured_media":305738,"comment_status":"closed","ping_status":"closed","sticky":false,"template":"","format":"standard","meta":{"footnotes":""},"categories":[477,447,597,573,20724,476,7541],"tags":[],"class_list":["post-325999","post","type-post","status-publish","format-standard","has-post-thumbnail","","category-noticias-edulcorantes","category-local-politica","category-cinta-de-noticias","category-la-realidad-de-los-acontecimientos-en-siria","category-minuto-a-minuto","category-locales","category-ultimas-noticias"],"_links":{"self":[{"href":"https:\/\/archive.sana.sy\/es\/index.php?rest_route=\/wp\/v2\/posts\/325999"}],"collection":[{"href":"https:\/\/archive.sana.sy\/es\/index.php?rest_route=\/wp\/v2\/posts"}],"about":[{"href":"https:\/\/archive.sana.sy\/es\/index.php?rest_route=\/wp\/v2\/types\/post"}],"author":[{"embeddable":true,"href":"https:\/\/archive.sana.sy\/es\/index.php?rest_route=\/wp\/v2\/users\/34"}],"replies":[{"embeddable":true,"href":"https:\/\/archive.sana.sy\/es\/index.php?rest_route=%2Fwp%2Fv2%2Fcomments&post=325999"}],"version-history":[{"count":1,"href":"https:\/\/archive.sana.sy\/es\/index.php?rest_route=\/wp\/v2\/posts\/325999\/revisions"}],"predecessor-version":[{"id":326000,"href":"https:\/\/archive.sana.sy\/es\/index.php?rest_route=\/wp\/v2\/posts\/325999\/revisions\/326000"}],"wp:featuredmedia":[{"embeddable":true,"href":"https:\/\/archive.sana.sy\/es\/index.php?rest_route=\/wp\/v2\/media\/305738"}],"wp:attachment":[{"href":"https:\/\/archive.sana.sy\/es\/index.php?rest_route=%2Fwp%2Fv2%2Fmedia&parent=325999"}],"wp:term":[{"taxonomy":"category","embeddable":true,"href":"https:\/\/archive.sana.sy\/es\/index.php?rest_route=%2Fwp%2Fv2%2Fcategories&post=325999"},{"taxonomy":"post_tag","embeddable":true,"href":"https:\/\/archive.sana.sy\/es\/index.php?rest_route=%2Fwp%2Fv2%2Ftags&post=325999"}],"curies":[{"name":"wp","href":"https:\/\/api.w.org\/{rel}","templated":true}]}}