{"id":326001,"date":"2024-04-01T06:40:16","date_gmt":"2024-04-01T03:40:16","guid":{"rendered":"https:\/\/sana.sy\/es\/?p=326001"},"modified":"2024-04-01T06:40:16","modified_gmt":"2024-04-01T03:40:16","slug":"la-oposicion-turca-gana-elecciones-municipales-segun-los-resultados-preliminares","status":"publish","type":"post","link":"https:\/\/archive.sana.sy\/es\/?p=326001","title":{"rendered":"La oposici\u00f3n turca gana elecciones municipales, seg\u00fan los resultados preliminares"},"content":{"rendered":"<p style=\"text-align: justify;\"><span style=\"color: #800000;\"><strong>Ankara, 1 abr (SANA)\u00a0<\/strong> <\/span>Los resultados preliminares de las elecciones municipales turcas mostraron que la oposici\u00f3n liderada por el Partido Popular Republicano gan\u00f3 en la mayor parte del pa\u00eds, incluida Anatolia.<\/p>\n<p style=\"text-align: justify;\">El jefe del Partido opositor, Ozgur Ozil, expres\u00f3 su alegr\u00eda por los resultados obtenidos y dijo que liderar\u00e1 una nueva pol\u00edtica en el pa\u00eds que \u201crestaurar\u00e1 la ley perdida\u201d.<\/p>\n<p style=\"text-align: justify;\">Ozil destac\u00f3 que los votantes optaron por cambiar la pol\u00edtica de Turqu\u00eda despu\u00e9s de 22 a\u00f1os de dominio del Partido Justicia y Desarrollo.<\/p>\n<p style=\"text-align: justify;\">A su vez, Recep Tayyip Erdogan, quien lidera el Partido Justicia y Desarrollo, admiti\u00f3 su derrota y se comprometi\u00f3 a evaluar los resultados electorales, realizar una rendici\u00f3n de cuentas interna y corregir los errores cometidos en la preparaci\u00f3n de las pr\u00f3ximas elecciones.<\/p>\n<p style=\"text-align: justify;\">fm<\/p>\n","protected":false},"excerpt":{"rendered":"<p>Ankara, 1 abr (SANA)\u00a0 Los resultados preliminares de las elecciones municipales turcas mostraron que la oposici\u00f3n liderada por el Partido Popular Republicano gan\u00f3 en la mayor parte del pa\u00eds, incluida Anatolia. El jefe del Partido opositor, Ozgur Ozil, expres\u00f3 su alegr\u00eda por los resultados obtenidos y dijo que liderar\u00e1 una nueva pol\u00edtica en el pa\u00eds &hellip;<\/p>\n","protected":false},"author":34,"featured_media":326002,"comment_status":"closed","ping_status":"closed","sticky":false,"template":"","format":"standard","meta":{"footnotes":""},"categories":[597,456,20724,7541],"tags":[],"class_list":["post-326001","post","type-post","status-publish","format-standard","has-post-thumbnail","","category-cinta-de-noticias","category-arabe-internacional-politica","category-minuto-a-minuto","category-ultimas-noticias"],"_links":{"self":[{"href":"https:\/\/archive.sana.sy\/es\/index.php?rest_route=\/wp\/v2\/posts\/326001"}],"collection":[{"href":"https:\/\/archive.sana.sy\/es\/index.php?rest_route=\/wp\/v2\/posts"}],"about":[{"href":"https:\/\/archive.sana.sy\/es\/index.php?rest_route=\/wp\/v2\/types\/post"}],"author":[{"embeddable":true,"href":"https:\/\/archive.sana.sy\/es\/index.php?rest_route=\/wp\/v2\/users\/34"}],"replies":[{"embeddable":true,"href":"https:\/\/archive.sana.sy\/es\/index.php?rest_route=%2Fwp%2Fv2%2Fcomments&post=326001"}],"version-history":[{"count":1,"href":"https:\/\/archive.sana.sy\/es\/index.php?rest_route=\/wp\/v2\/posts\/326001\/revisions"}],"predecessor-version":[{"id":326003,"href":"https:\/\/archive.sana.sy\/es\/index.php?rest_route=\/wp\/v2\/posts\/326001\/revisions\/326003"}],"wp:featuredmedia":[{"embeddable":true,"href":"https:\/\/archive.sana.sy\/es\/index.php?rest_route=\/wp\/v2\/media\/326002"}],"wp:attachment":[{"href":"https:\/\/archive.sana.sy\/es\/index.php?rest_route=%2Fwp%2Fv2%2Fmedia&parent=326001"}],"wp:term":[{"taxonomy":"category","embeddable":true,"href":"https:\/\/archive.sana.sy\/es\/index.php?rest_route=%2Fwp%2Fv2%2Fcategories&post=326001"},{"taxonomy":"post_tag","embeddable":true,"href":"https:\/\/archive.sana.sy\/es\/index.php?rest_route=%2Fwp%2Fv2%2Ftags&post=326001"}],"curies":[{"name":"wp","href":"https:\/\/api.w.org\/{rel}","templated":true}]}}