{"id":326064,"date":"2024-04-01T20:23:58","date_gmt":"2024-04-01T17:23:58","guid":{"rendered":"https:\/\/sana.sy\/es\/?p=326064"},"modified":"2024-04-01T20:23:58","modified_gmt":"2024-04-01T17:23:58","slug":"el-ocupante-israeli-no-lograra-danar-las-relaciones-sirio-iranies-afirma-canciller-sirio","status":"publish","type":"post","link":"https:\/\/archive.sana.sy\/es\/?p=326064","title":{"rendered":"El ocupante israel\u00ed no lograr\u00e1 da\u00f1ar las relaciones sirio-iran\u00edes, afirma Canciller sirio"},"content":{"rendered":"<blockquote>\n<p style=\"text-align: justify;\"><span style=\"color: #993300;\">El jefe de la diplomacia siria mantuvo una llamada telef\u00f3nica con su hom\u00f3logo iran\u00ed, Hossein Amir Abdollahian, en la que expres\u00f3 la en\u00e9rgica condena de Siria por esta agresi\u00f3n fascista contra el edificio diplom\u00e1tico, que muestra el estado de histeria que vive la entidad sionista como resultado de su fracaso en su guerra contra el pueblo palestino en Gaza.<\/span><\/p>\n<\/blockquote>\n<p style=\"text-align: justify;\">\n<span style=\"color: #800000;\"><strong>Damasco, 1 abr (SANA)\u00a0<\/strong><\/span> \u00a0El ministro de Asuntos Exteriores y Expatriados, Faisal Al-Mekdad, visit\u00f3 hoy la sede de la Embajada de la Rep\u00fablica Isl\u00e1mica de Ir\u00e1n en Damasco para estar al tanto del personal de la misma tras la brutal agresi\u00f3n terrorista israel\u00ed contra el edificio del Consulado iran\u00ed en Damasco.<\/p>\n<p style=\"text-align: justify;\">Durante la visita, el jefe de la diplomacia siria mantuvo una llamada telef\u00f3nica con su hom\u00f3logo iran\u00ed, Hossein Amir Abdollahian, en la que expres\u00f3 la en\u00e9rgica condena de Siria por esta agresi\u00f3n fascista contra el edificio diplom\u00e1tico, que muestra el estado de histeria que vive la entidad sionista como resultado de su fracaso en su guerra contra el pueblo palestino en Gaza.<\/p>\n<p style=\"text-align: justify;\"><img loading=\"lazy\" decoding=\"async\" class=\"size-medium wp-image-326066 alignleft\" src=\"http:\/\/sana.sy\/es\/wp-content\/uploads\/2024\/04\/DSC_8903-copy-300x200.jpg\" alt=\"\" width=\"300\" height=\"200\" srcset=\"https:\/\/archive.sana.sy\/es\/wp-content\/uploads\/2024\/04\/DSC_8903-copy-300x200.jpg 300w, https:\/\/archive.sana.sy\/es\/wp-content\/uploads\/2024\/04\/DSC_8903-copy-150x100.jpg 150w, https:\/\/archive.sana.sy\/es\/wp-content\/uploads\/2024\/04\/DSC_8903-copy.jpg 660w\" sizes=\"(max-width: 300px) 100vw, 300px\" \/>\u201cLa barbarie israel\u00ed ya ni siquiera distingue entre bienes civiles y diplom\u00e1ticos protegidos por el derecho internacional\u201d, se\u00f1al\u00f3.<\/p>\n<p style=\"text-align: justify;\">Por su parte, Abdollahian expres\u00f3 su agradecimiento a Al-Mekdad por su r\u00e1pida iniciativa de estar junto a sus hermanos en la embajada iran\u00ed en Damasco, lo que representa un fuerte mensaje de apoyo y confirma una vez m\u00e1s que Siria e Ir\u00e1n est\u00e1n juntos frente a la barbarie israel\u00ed que ha superado todos los l\u00edmites.<\/p>\n<p style=\"text-align: justify;\">En una declaraci\u00f3n a los periodistas al concluir la visita, el Canciller sirio confirm\u00f3 que la entidad de ocupaci\u00f3n israel\u00ed no lograr\u00e1 da\u00f1ar las relaciones entre Ir\u00e1n y Siria.<\/p>\n<p style=\"text-align: justify;\">\u201cEstamos presentes aqu\u00ed para confirmar una vez m\u00e1s que Israel no puede afectar la relaci\u00f3n entre la Rep\u00fablica \u00c1rabe Siria y la Rep\u00fablica Isl\u00e1mica de Ir\u00e1n\u201d, afirm\u00f3.<\/p>\n<p style=\"text-align: justify;\">Indic\u00f3 que \u201cIsrael\u201d, la entidad racista, es un s\u00edmbolo del terrorismo en este mundo, y las masacres cometidas por los sionistas, especialmente en la Franja de Gaza, indican que no son humanos, e indican que luchan contra los humanos dondequiera que est\u00e9n.<\/p>\n<p style=\"text-align: justify;\">\u201cEste asunto tambi\u00e9n se refleja en quienes apoyan a \u201cIsrael\u201d, especialmente en los Estados Unidos de Am\u00e9rica\u201d, agreg\u00f3.<\/p>\n<p style=\"text-align: justify;\">Afirm\u00f3 que el ataque israel\u00ed contra el edificio del consulado iran\u00ed en Damasco es un acto terrorista atroz que provoc\u00f3 la muerte de varias personas inocentes, e se\u00f1al\u00f3 que atacar las embajadas est\u00e1 prohibido seg\u00fan el derecho internacional.<\/p>\n<p style=\"text-align: justify;\">Por su parte, el embajador de Ir\u00e1n en Damasco, Hussein Akbari, confirm\u00f3 que el ataque israel\u00ed al consulado iran\u00ed refleja la realidad de la entidad sionista, que no reconoce ninguna ley internacional y hace todo lo inhumano para lograr lo que quiere.<\/p>\n<p style=\"text-align: justify;\">El diplom\u00e1tico iran\u00ed destac\u00f3 que Ir\u00e1n contin\u00faa apoyando a los pueblos resistentes y no teme los cr\u00edmenes y ataques de la entidad sionista usurpadora.<\/p>\n<p style=\"text-align: justify;\">\u201cLas instituciones y organizaciones internacionales son responsables de detener los cr\u00edmenes sionistas que violan el derecho internacional\u201d, se\u00f1al\u00f3.<\/p>\n<p style=\"text-align: justify;\">rr\/fm<\/p>\n","protected":false},"excerpt":{"rendered":"<p>El jefe de la diplomacia siria mantuvo una llamada telef\u00f3nica con su hom\u00f3logo iran\u00ed, Hossein Amir Abdollahian, en la que expres\u00f3 la en\u00e9rgica condena de Siria por esta agresi\u00f3n fascista contra el edificio diplom\u00e1tico, que muestra el estado de histeria que vive la entidad sionista como resultado de su fracaso en su guerra contra el &hellip;<\/p>\n","protected":false},"author":31,"featured_media":326065,"comment_status":"closed","ping_status":"closed","sticky":false,"template":"","format":"standard","meta":{"footnotes":""},"categories":[597,476,583],"tags":[11331,8602,11687,22484,7161,19785,6553],"class_list":["post-326064","post","type-post","status-publish","format-standard","has-post-thumbnail","","category-cinta-de-noticias","category-locales","category-slide","tag-agresion","tag-ataque","tag-cancilleria","tag-consulada","tag-damasco","tag-embajada","tag-siria"],"_links":{"self":[{"href":"https:\/\/archive.sana.sy\/es\/index.php?rest_route=\/wp\/v2\/posts\/326064"}],"collection":[{"href":"https:\/\/archive.sana.sy\/es\/index.php?rest_route=\/wp\/v2\/posts"}],"about":[{"href":"https:\/\/archive.sana.sy\/es\/index.php?rest_route=\/wp\/v2\/types\/post"}],"author":[{"embeddable":true,"href":"https:\/\/archive.sana.sy\/es\/index.php?rest_route=\/wp\/v2\/users\/31"}],"replies":[{"embeddable":true,"href":"https:\/\/archive.sana.sy\/es\/index.php?rest_route=%2Fwp%2Fv2%2Fcomments&post=326064"}],"version-history":[{"count":1,"href":"https:\/\/archive.sana.sy\/es\/index.php?rest_route=\/wp\/v2\/posts\/326064\/revisions"}],"predecessor-version":[{"id":326067,"href":"https:\/\/archive.sana.sy\/es\/index.php?rest_route=\/wp\/v2\/posts\/326064\/revisions\/326067"}],"wp:featuredmedia":[{"embeddable":true,"href":"https:\/\/archive.sana.sy\/es\/index.php?rest_route=\/wp\/v2\/media\/326065"}],"wp:attachment":[{"href":"https:\/\/archive.sana.sy\/es\/index.php?rest_route=%2Fwp%2Fv2%2Fmedia&parent=326064"}],"wp:term":[{"taxonomy":"category","embeddable":true,"href":"https:\/\/archive.sana.sy\/es\/index.php?rest_route=%2Fwp%2Fv2%2Fcategories&post=326064"},{"taxonomy":"post_tag","embeddable":true,"href":"https:\/\/archive.sana.sy\/es\/index.php?rest_route=%2Fwp%2Fv2%2Ftags&post=326064"}],"curies":[{"name":"wp","href":"https:\/\/api.w.org\/{rel}","templated":true}]}}