{"id":326068,"date":"2024-04-02T05:42:22","date_gmt":"2024-04-02T02:42:22","guid":{"rendered":"https:\/\/sana.sy\/es\/?p=326068"},"modified":"2024-04-02T05:42:42","modified_gmt":"2024-04-02T02:42:42","slug":"rusia-condena-ataque-israeli-a-consulado-irani-en-damasco","status":"publish","type":"post","link":"https:\/\/archive.sana.sy\/es\/?p=326068","title":{"rendered":"Rusia condena ataque israel\u00ed a consulado iran\u00ed en Damasco"},"content":{"rendered":"<p style=\"text-align: justify;\"><span style=\"color: #800000;\"><strong>Mosc\u00fa, 2 abr (SANA)\u00a0\u00a0<\/strong> <\/span>El Ministerio de Asuntos Exteriores ruso conden\u00f3 en\u00e9rgicamente el ataque terrorista israel\u00ed contra el consulado iran\u00ed en Damasco.<\/p>\n<p style=\"text-align: justify;\">\u201cEs absolutamente inaceptable atacar a representaciones diplom\u00e1ticas y consulares cuya inmunidad est\u00e1 garantizada por los Acuerdos de Viena\u201d, asegur\u00f3 el Ministerio en un comunicado.<\/p>\n<p style=\"text-align: justify;\">Advirti\u00f3 de las graves consecuencias de los ataques israel\u00edes en toda la regi\u00f3n.<\/p>\n<p style=\"text-align: justify;\">La declaraci\u00f3n agreg\u00f3 que tales acciones agresivas por parte de \u201cIsrael\u201d son absolutamente rechazadas y deben detenerse, y es necesario que todos los miembros responsables de la comunidad internacional definan con precisi\u00f3n sus posiciones.<\/p>\n<p style=\"text-align: justify;\">La Canciller\u00eda exigi\u00f3 detener estos ataques provocadores en territorios sirios y en otros pa\u00edses vecinos.<\/p>\n<p style=\"text-align: justify;\">fm<\/p>\n","protected":false},"excerpt":{"rendered":"<p>Mosc\u00fa, 2 abr (SANA)\u00a0\u00a0 El Ministerio de Asuntos Exteriores ruso conden\u00f3 en\u00e9rgicamente el ataque terrorista israel\u00ed contra el consulado iran\u00ed en Damasco. \u201cEs absolutamente inaceptable atacar a representaciones diplom\u00e1ticas y consulares cuya inmunidad est\u00e1 garantizada por los Acuerdos de Viena\u201d, asegur\u00f3 el Ministerio en un comunicado. Advirti\u00f3 de las graves consecuencias de los ataques israel\u00edes &hellip;<\/p>\n","protected":false},"author":34,"featured_media":326070,"comment_status":"closed","ping_status":"closed","sticky":false,"template":"","format":"standard","meta":{"footnotes":""},"categories":[447,597,456,20724,467,7541],"tags":[],"class_list":["post-326068","post","type-post","status-publish","format-standard","has-post-thumbnail","","category-local-politica","category-cinta-de-noticias","category-arabe-internacional-politica","category-minuto-a-minuto","category-siria-y-el-mundo","category-ultimas-noticias"],"_links":{"self":[{"href":"https:\/\/archive.sana.sy\/es\/index.php?rest_route=\/wp\/v2\/posts\/326068"}],"collection":[{"href":"https:\/\/archive.sana.sy\/es\/index.php?rest_route=\/wp\/v2\/posts"}],"about":[{"href":"https:\/\/archive.sana.sy\/es\/index.php?rest_route=\/wp\/v2\/types\/post"}],"author":[{"embeddable":true,"href":"https:\/\/archive.sana.sy\/es\/index.php?rest_route=\/wp\/v2\/users\/34"}],"replies":[{"embeddable":true,"href":"https:\/\/archive.sana.sy\/es\/index.php?rest_route=%2Fwp%2Fv2%2Fcomments&post=326068"}],"version-history":[{"count":1,"href":"https:\/\/archive.sana.sy\/es\/index.php?rest_route=\/wp\/v2\/posts\/326068\/revisions"}],"predecessor-version":[{"id":326069,"href":"https:\/\/archive.sana.sy\/es\/index.php?rest_route=\/wp\/v2\/posts\/326068\/revisions\/326069"}],"wp:featuredmedia":[{"embeddable":true,"href":"https:\/\/archive.sana.sy\/es\/index.php?rest_route=\/wp\/v2\/media\/326070"}],"wp:attachment":[{"href":"https:\/\/archive.sana.sy\/es\/index.php?rest_route=%2Fwp%2Fv2%2Fmedia&parent=326068"}],"wp:term":[{"taxonomy":"category","embeddable":true,"href":"https:\/\/archive.sana.sy\/es\/index.php?rest_route=%2Fwp%2Fv2%2Fcategories&post=326068"},{"taxonomy":"post_tag","embeddable":true,"href":"https:\/\/archive.sana.sy\/es\/index.php?rest_route=%2Fwp%2Fv2%2Ftags&post=326068"}],"curies":[{"name":"wp","href":"https:\/\/api.w.org\/{rel}","templated":true}]}}