{"id":326071,"date":"2024-04-02T05:52:01","date_gmt":"2024-04-02T02:52:01","guid":{"rendered":"https:\/\/sana.sy\/es\/?p=326071"},"modified":"2024-04-02T06:21:34","modified_gmt":"2024-04-02T03:21:34","slug":"eau-y-sultanato-de-oman-condenan-agresion-israeli-al-consulado-de-iran-en-damasco","status":"publish","type":"post","link":"https:\/\/archive.sana.sy\/es\/?p=326071","title":{"rendered":"EAU y Sultanato de Om\u00e1n condenan agresi\u00f3n israel\u00ed al consulado de Ir\u00e1n en Damasco"},"content":{"rendered":"<p style=\"text-align: justify;\"><span style=\"color: #800000;\"><strong>Mascate- Abu Dabi, 2 abr (SANA)\u00a0<\/strong> <\/span>El Sultanato de Om\u00e1n conden\u00f3 el ataque terrorista israel\u00ed contra el consulado iran\u00ed en Damasco, y consider\u00f3 que el mismo constituye una violaci\u00f3n de la soberan\u00eda de la Rep\u00fablica \u00c1rabe Siria y de todas las leyes e inmunidades diplom\u00e1ticas internacionales que exigen la protecci\u00f3n y preservaci\u00f3n de las misiones diplom\u00e1ticas y consulares.<\/p>\n<p style=\"text-align: justify;\">En un comunicado difundido por la agencia oficial de noticias de Om\u00e1n, el Ministerio de Asuntos Exteriores de Om\u00e1n subray\u00f3 la necesidad de detener la escalada en la regi\u00f3n y rechazar las agresiones y otras acciones que amenazan la seguridad y la estabilidad.<\/p>\n<p style=\"text-align: justify;\">A su vez, el Ministerio de Asuntos Exteriores \u00a0de Emiratos \u00c1rabes Unidos conden\u00f3 la agresi\u00f3n a la misi\u00f3n diplom\u00e1tica iran\u00ed en la capital siria, Damasco.<\/p>\n<p style=\"text-align: justify;\">fm<\/p>\n","protected":false},"excerpt":{"rendered":"<p>Mascate- Abu Dabi, 2 abr (SANA)\u00a0 El Sultanato de Om\u00e1n conden\u00f3 el ataque terrorista israel\u00ed contra el consulado iran\u00ed en Damasco, y consider\u00f3 que el mismo constituye una violaci\u00f3n de la soberan\u00eda de la Rep\u00fablica \u00c1rabe Siria y de todas las leyes e inmunidades diplom\u00e1ticas internacionales que exigen la protecci\u00f3n y preservaci\u00f3n de las misiones &hellip;<\/p>\n","protected":false},"author":34,"featured_media":326072,"comment_status":"closed","ping_status":"closed","sticky":false,"template":"","format":"standard","meta":{"footnotes":""},"categories":[597,456,20724,467,7541],"tags":[],"class_list":["post-326071","post","type-post","status-publish","format-standard","has-post-thumbnail","","category-cinta-de-noticias","category-arabe-internacional-politica","category-minuto-a-minuto","category-siria-y-el-mundo","category-ultimas-noticias"],"_links":{"self":[{"href":"https:\/\/archive.sana.sy\/es\/index.php?rest_route=\/wp\/v2\/posts\/326071"}],"collection":[{"href":"https:\/\/archive.sana.sy\/es\/index.php?rest_route=\/wp\/v2\/posts"}],"about":[{"href":"https:\/\/archive.sana.sy\/es\/index.php?rest_route=\/wp\/v2\/types\/post"}],"author":[{"embeddable":true,"href":"https:\/\/archive.sana.sy\/es\/index.php?rest_route=\/wp\/v2\/users\/34"}],"replies":[{"embeddable":true,"href":"https:\/\/archive.sana.sy\/es\/index.php?rest_route=%2Fwp%2Fv2%2Fcomments&post=326071"}],"version-history":[{"count":2,"href":"https:\/\/archive.sana.sy\/es\/index.php?rest_route=\/wp\/v2\/posts\/326071\/revisions"}],"predecessor-version":[{"id":326078,"href":"https:\/\/archive.sana.sy\/es\/index.php?rest_route=\/wp\/v2\/posts\/326071\/revisions\/326078"}],"wp:featuredmedia":[{"embeddable":true,"href":"https:\/\/archive.sana.sy\/es\/index.php?rest_route=\/wp\/v2\/media\/326072"}],"wp:attachment":[{"href":"https:\/\/archive.sana.sy\/es\/index.php?rest_route=%2Fwp%2Fv2%2Fmedia&parent=326071"}],"wp:term":[{"taxonomy":"category","embeddable":true,"href":"https:\/\/archive.sana.sy\/es\/index.php?rest_route=%2Fwp%2Fv2%2Fcategories&post=326071"},{"taxonomy":"post_tag","embeddable":true,"href":"https:\/\/archive.sana.sy\/es\/index.php?rest_route=%2Fwp%2Fv2%2Ftags&post=326071"}],"curies":[{"name":"wp","href":"https:\/\/api.w.org\/{rel}","templated":true}]}}