{"id":326074,"date":"2024-04-02T06:03:32","date_gmt":"2024-04-02T03:03:32","guid":{"rendered":"https:\/\/sana.sy\/es\/?p=326074"},"modified":"2024-04-02T06:20:35","modified_gmt":"2024-04-02T03:20:35","slug":"canciller-cubano-condena-agresion-sionista-a-consulado-irani-en-damasco","status":"publish","type":"post","link":"https:\/\/archive.sana.sy\/es\/?p=326074","title":{"rendered":"Canciller cubano condena agresi\u00f3n sionista a consulado iran\u00ed en Damasco"},"content":{"rendered":"<p style=\"text-align: justify;\"><span style=\"color: #800000;\"><strong>La Habana, 2 abr (SANA)<\/strong> <\/span>El Ministro de Relaciones Exteriores de Cuba Bruno Rodr\u00edguez Parilla expres\u00f3 el rechazo de su pa\u00eds al ataque israel\u00ed al consulado de Ir\u00e1n en Damasco y lo calific\u00f3 de inaceptable.<\/p>\n<p style=\"text-align: justify;\">\u201cCondenamos de manera en\u00e9rgica ataque de Israel a instalaciones diplom\u00e1ticas de Ir\u00e1n en Damasco en flagrante violaci\u00f3n soberan\u00eda de Siria y Derecho Internacional, escribi\u00f3 el Canciller de la mayor de las Antillas en su cuenta en X.<\/p>\n<p style=\"text-align: justify;\">Asegur\u00f3 que estas acciones inaceptables aumentan riesgo de escalada y regionalizaci\u00f3n del conflicto con consecuencias impredecibles.<\/p>\n<p style=\"text-align: justify;\">fm<\/p>\n","protected":false},"excerpt":{"rendered":"<p>La Habana, 2 abr (SANA) El Ministro de Relaciones Exteriores de Cuba Bruno Rodr\u00edguez Parilla expres\u00f3 el rechazo de su pa\u00eds al ataque israel\u00ed al consulado de Ir\u00e1n en Damasco y lo calific\u00f3 de inaceptable. \u201cCondenamos de manera en\u00e9rgica ataque de Israel a instalaciones diplom\u00e1ticas de Ir\u00e1n en Damasco en flagrante violaci\u00f3n soberan\u00eda de Siria &hellip;<\/p>\n","protected":false},"author":34,"featured_media":326075,"comment_status":"closed","ping_status":"closed","sticky":false,"template":"","format":"standard","meta":{"footnotes":""},"categories":[597,456,20724,467,7541],"tags":[],"class_list":["post-326074","post","type-post","status-publish","format-standard","has-post-thumbnail","","category-cinta-de-noticias","category-arabe-internacional-politica","category-minuto-a-minuto","category-siria-y-el-mundo","category-ultimas-noticias"],"_links":{"self":[{"href":"https:\/\/archive.sana.sy\/es\/index.php?rest_route=\/wp\/v2\/posts\/326074"}],"collection":[{"href":"https:\/\/archive.sana.sy\/es\/index.php?rest_route=\/wp\/v2\/posts"}],"about":[{"href":"https:\/\/archive.sana.sy\/es\/index.php?rest_route=\/wp\/v2\/types\/post"}],"author":[{"embeddable":true,"href":"https:\/\/archive.sana.sy\/es\/index.php?rest_route=\/wp\/v2\/users\/34"}],"replies":[{"embeddable":true,"href":"https:\/\/archive.sana.sy\/es\/index.php?rest_route=%2Fwp%2Fv2%2Fcomments&post=326074"}],"version-history":[{"count":2,"href":"https:\/\/archive.sana.sy\/es\/index.php?rest_route=\/wp\/v2\/posts\/326074\/revisions"}],"predecessor-version":[{"id":326077,"href":"https:\/\/archive.sana.sy\/es\/index.php?rest_route=\/wp\/v2\/posts\/326074\/revisions\/326077"}],"wp:featuredmedia":[{"embeddable":true,"href":"https:\/\/archive.sana.sy\/es\/index.php?rest_route=\/wp\/v2\/media\/326075"}],"wp:attachment":[{"href":"https:\/\/archive.sana.sy\/es\/index.php?rest_route=%2Fwp%2Fv2%2Fmedia&parent=326074"}],"wp:term":[{"taxonomy":"category","embeddable":true,"href":"https:\/\/archive.sana.sy\/es\/index.php?rest_route=%2Fwp%2Fv2%2Fcategories&post=326074"},{"taxonomy":"post_tag","embeddable":true,"href":"https:\/\/archive.sana.sy\/es\/index.php?rest_route=%2Fwp%2Fv2%2Ftags&post=326074"}],"curies":[{"name":"wp","href":"https:\/\/api.w.org\/{rel}","templated":true}]}}