{"id":326079,"date":"2024-04-02T06:54:00","date_gmt":"2024-04-02T03:54:00","guid":{"rendered":"https:\/\/sana.sy\/es\/?p=326079"},"modified":"2024-04-02T06:54:00","modified_gmt":"2024-04-02T03:54:00","slug":"venezuela-condena-de-manera-contundente-el-ataque-de-israel-a-sede-diplomatica-y-consular-de-iran-en-damasco","status":"publish","type":"post","link":"https:\/\/archive.sana.sy\/es\/?p=326079","title":{"rendered":"Venezuela condena de manera contundente el ataque de Israel a sede diplom\u00e1tica y consular de Ir\u00e1n en Damasco"},"content":{"rendered":"<p style=\"text-align: justify;\"><span style=\"color: #800000;\"><strong>Caracas, 2 abr (SANA)<\/strong> <\/span>El Canciller de la Rep\u00fablica Bolivariana de Venezuela, Yvan Gil, conden\u00f3 el ataque terrorista de Israel contra el consulado de Ir\u00e1n en Damasco.<\/p>\n<p style=\"text-align: justify;\">Venezuela condena de manera contundente, el ataque con misiles perpetrado por Israel, contra la sede diplom\u00e1tica y consular de la Rep\u00fablica Isl\u00e1mica de Ir\u00e1n ubicada en Al Mezzeh, Damasco, Rep\u00fablica \u00c1rabe Siria, afirm\u00f3 Gil en su cuenta en X.<\/p>\n<p style=\"text-align: justify;\">Asegur\u00f3 que tal agresi\u00f3n es una muestra m\u00e1s de la irracionalidad del r\u00e9gimen sionista, que se ha convertido en la mayor fuente de inestabilidad en la regi\u00f3n.<\/p>\n<p style=\"text-align: justify;\">Nos solidarizamos con los pueblos y gobiernos de la Rep\u00fablica Isl\u00e1mica de Ir\u00e1n y de la Rep\u00fablica \u00c1rabe Siria, al tiempo que extendemos nuestras sentidas palabras de condolencias a los familiares y amigos de las v\u00edctimas, y hacemos votos por la pronta recuperaci\u00f3n de los heridos, afirm\u00f3 el jefe de la diplomacia de la naci\u00f3n sudamericana.<\/p>\n<p style=\"text-align: justify;\">fm<\/p>\n","protected":false},"excerpt":{"rendered":"<p>Caracas, 2 abr (SANA) El Canciller de la Rep\u00fablica Bolivariana de Venezuela, Yvan Gil, conden\u00f3 el ataque terrorista de Israel contra el consulado de Ir\u00e1n en Damasco. Venezuela condena de manera contundente, el ataque con misiles perpetrado por Israel, contra la sede diplom\u00e1tica y consular de la Rep\u00fablica Isl\u00e1mica de Ir\u00e1n ubicada en Al Mezzeh, &hellip;<\/p>\n","protected":false},"author":34,"featured_media":326080,"comment_status":"closed","ping_status":"closed","sticky":false,"template":"","format":"standard","meta":{"footnotes":""},"categories":[597,456,20724,467,7541],"tags":[],"class_list":["post-326079","post","type-post","status-publish","format-standard","has-post-thumbnail","","category-cinta-de-noticias","category-arabe-internacional-politica","category-minuto-a-minuto","category-siria-y-el-mundo","category-ultimas-noticias"],"_links":{"self":[{"href":"https:\/\/archive.sana.sy\/es\/index.php?rest_route=\/wp\/v2\/posts\/326079"}],"collection":[{"href":"https:\/\/archive.sana.sy\/es\/index.php?rest_route=\/wp\/v2\/posts"}],"about":[{"href":"https:\/\/archive.sana.sy\/es\/index.php?rest_route=\/wp\/v2\/types\/post"}],"author":[{"embeddable":true,"href":"https:\/\/archive.sana.sy\/es\/index.php?rest_route=\/wp\/v2\/users\/34"}],"replies":[{"embeddable":true,"href":"https:\/\/archive.sana.sy\/es\/index.php?rest_route=%2Fwp%2Fv2%2Fcomments&post=326079"}],"version-history":[{"count":1,"href":"https:\/\/archive.sana.sy\/es\/index.php?rest_route=\/wp\/v2\/posts\/326079\/revisions"}],"predecessor-version":[{"id":326081,"href":"https:\/\/archive.sana.sy\/es\/index.php?rest_route=\/wp\/v2\/posts\/326079\/revisions\/326081"}],"wp:featuredmedia":[{"embeddable":true,"href":"https:\/\/archive.sana.sy\/es\/index.php?rest_route=\/wp\/v2\/media\/326080"}],"wp:attachment":[{"href":"https:\/\/archive.sana.sy\/es\/index.php?rest_route=%2Fwp%2Fv2%2Fmedia&parent=326079"}],"wp:term":[{"taxonomy":"category","embeddable":true,"href":"https:\/\/archive.sana.sy\/es\/index.php?rest_route=%2Fwp%2Fv2%2Fcategories&post=326079"},{"taxonomy":"post_tag","embeddable":true,"href":"https:\/\/archive.sana.sy\/es\/index.php?rest_route=%2Fwp%2Fv2%2Ftags&post=326079"}],"curies":[{"name":"wp","href":"https:\/\/api.w.org\/{rel}","templated":true}]}}