{"id":32608,"date":"2015-10-31T20:15:04","date_gmt":"2015-10-31T18:15:04","guid":{"rendered":"http:\/\/sana.sy\/es\/?p=32608"},"modified":"2015-10-31T20:15:04","modified_gmt":"2015-10-31T18:15:04","slug":"ki-moon-da-bienvenida-a-resultados-de-cumbre-de-viena-sobre-siria","status":"publish","type":"post","link":"https:\/\/archive.sana.sy\/es\/?p=32608","title":{"rendered":"Ki-Moon da bienvenida a resultados de cumbre de Viena sobre Siria"},"content":{"rendered":"<p style=\"text-align: justify\"><span style=\"color: #800000\">Ginebra, SANA<\/span>&#8211; El secretario general de la ONU, Ban Ki-moon, expres\u00f3 la esperanza de que tras las negociaciones en Viena, los participantes logren alcanzar un verdadero progreso en el arreglo de la crisis en Siria, seg\u00fan inform\u00f3 AFP.<\/p>\n<p style=\"text-align: justify\">Agreg\u00f3 que la conferencia sobre Siria en Viena demostr\u00f3 &#8220;el primer entendimiento significativo entre los participantes internacionales desde los tiempos del Comunicado de Ginebra de 2012&#8221;.<\/p>\n<p style=\"text-align: justify\">Al mismo tiempo, \u201cEsta iniciativa en Viena se da en un momento crucial. Espero que haya resultados positivos para que podamos empezar con un proceso pol\u00edtico inmediatamente y reiter\u00f3 que el destino de Siria est\u00e1 en las manos de su pueblo.\u201d Dijo Ki-Moon en su entrevista con el peri\u00f3dico espa\u00f1ol El Mundo.<\/p>\n<p style=\"text-align: justify\">Asegur\u00f3 que la ONU est\u00e1 dispuesta a &#8220;trabajar con todas las partes sirias&#8221; para alcanzar el alto el fuego completo.<\/p>\n<p style=\"text-align: justify\">Esta semana Viena acogi\u00f3 negociaciones sobre Siria. El jueves en la capital austriaca tuvo lugar un encuentro a puerta cerrada entre ministros de Exteriores de Rusia, EEUU, Arabia Saud\u00ed y Turqu\u00eda.<\/p>\n<p style=\"text-align: justify\">El viernes las consultas tuvieron un formato m\u00e1s amplio al sumarse a las negociaciones los representantes de China, Ir\u00e1n, Irak, Emiratos \u00c1rabes Unidos, Jordania, Alemania, Francia, Reino Unido, Egipto y L\u00edbano, adem\u00e1s del enviado especial de la ONU para Siria.<\/p>\n<p>M.Miri<\/p>\n","protected":false},"excerpt":{"rendered":"<p>Ginebra, SANA&#8211; El secretario general de la ONU, Ban Ki-moon, expres\u00f3 la esperanza de que tras las negociaciones en Viena, los participantes logren alcanzar un verdadero progreso en el arreglo de la crisis en Siria, seg\u00fan inform\u00f3 AFP. Agreg\u00f3 que la conferencia sobre Siria en Viena demostr\u00f3 &#8220;el primer entendimiento significativo entre los participantes internacionales &hellip;<\/p>\n","protected":false},"author":1,"featured_media":22733,"comment_status":"closed","ping_status":"closed","sticky":false,"template":"","format":"standard","meta":{"footnotes":""},"categories":[456,457,576],"tags":[7254],"class_list":["post-32608","post","type-post","status-publish","format-standard","has-post-thumbnail","","category-arabe-internacional-politica","category-noticias-arabe-internacional-politica","category-noticias-politicas","tag-ki-moon-da-bienvenida-a-resultados-de-cumbre-de-viena-sobre-siria"],"_links":{"self":[{"href":"https:\/\/archive.sana.sy\/es\/index.php?rest_route=\/wp\/v2\/posts\/32608"}],"collection":[{"href":"https:\/\/archive.sana.sy\/es\/index.php?rest_route=\/wp\/v2\/posts"}],"about":[{"href":"https:\/\/archive.sana.sy\/es\/index.php?rest_route=\/wp\/v2\/types\/post"}],"author":[{"embeddable":true,"href":"https:\/\/archive.sana.sy\/es\/index.php?rest_route=\/wp\/v2\/users\/1"}],"replies":[{"embeddable":true,"href":"https:\/\/archive.sana.sy\/es\/index.php?rest_route=%2Fwp%2Fv2%2Fcomments&post=32608"}],"version-history":[{"count":0,"href":"https:\/\/archive.sana.sy\/es\/index.php?rest_route=\/wp\/v2\/posts\/32608\/revisions"}],"wp:featuredmedia":[{"embeddable":true,"href":"https:\/\/archive.sana.sy\/es\/index.php?rest_route=\/wp\/v2\/media\/22733"}],"wp:attachment":[{"href":"https:\/\/archive.sana.sy\/es\/index.php?rest_route=%2Fwp%2Fv2%2Fmedia&parent=32608"}],"wp:term":[{"taxonomy":"category","embeddable":true,"href":"https:\/\/archive.sana.sy\/es\/index.php?rest_route=%2Fwp%2Fv2%2Fcategories&post=32608"},{"taxonomy":"post_tag","embeddable":true,"href":"https:\/\/archive.sana.sy\/es\/index.php?rest_route=%2Fwp%2Fv2%2Ftags&post=32608"}],"curies":[{"name":"wp","href":"https:\/\/api.w.org\/{rel}","templated":true}]}}