{"id":326082,"date":"2024-04-02T07:04:01","date_gmt":"2024-04-02T04:04:01","guid":{"rendered":"https:\/\/sana.sy\/es\/?p=326082"},"modified":"2024-04-02T07:04:47","modified_gmt":"2024-04-02T04:04:47","slug":"cuba-y-venezuela-condenan-ataque-de-israel-a-sede-consular-de-iran-en-damasco","status":"publish","type":"post","link":"https:\/\/archive.sana.sy\/es\/?p=326082","title":{"rendered":"Cuba y Venezuela condenan ataque de Israel a sede consular de Ir\u00e1n en Damasco"},"content":{"rendered":"<p style=\"text-align: justify;\"><span style=\"color: #800000;\"><strong>La Habana \u2013 Caracas, 2 abr (SANA)\u00a0<\/strong><\/span> El ministro de Relaciones Exteriores de Cuba, Bruno Rodr\u00edguez Parilla, expres\u00f3 el rechazo de su pa\u00eds al ataque israel\u00ed al consulado de Ir\u00e1n en Damasco y lo calific\u00f3 de inaceptable.<\/p>\n<p style=\"text-align: justify;\"><img loading=\"lazy\" decoding=\"async\" class=\"size-full wp-image-326084 alignleft\" src=\"http:\/\/sana.sy\/es\/wp-content\/uploads\/2024\/04\/images.jpg\" alt=\"\" width=\"290\" height=\"174\" srcset=\"https:\/\/archive.sana.sy\/es\/wp-content\/uploads\/2024\/04\/images.jpg 290w, https:\/\/archive.sana.sy\/es\/wp-content\/uploads\/2024\/04\/images-150x90.jpg 150w\" sizes=\"(max-width: 290px) 100vw, 290px\" \/>\u201cCondenamos de manera en\u00e9rgica ataque de Israel a instalaciones diplom\u00e1ticas de Ir\u00e1n en Damasco en flagrante violaci\u00f3n soberan\u00eda de Siria y Derecho Internacional, escribi\u00f3 el Canciller de la mayor de las Antillas en su cuenta en X.<\/p>\n<p style=\"text-align: justify;\">Asegur\u00f3 que estas acciones inaceptables aumentan riesgo de escalada y regionalizaci\u00f3n del conflicto con consecuencias impredecibles.<\/p>\n<p style=\"text-align: justify;\">A su vez, el Canciller de la Rep\u00fablica Bolivariana de Venezuela, Yvan Gil, conden\u00f3 el ataque terrorista de Israel contra el consulado de Ir\u00e1n en Damasco.<\/p>\n<p style=\"text-align: justify;\"><img loading=\"lazy\" decoding=\"async\" class=\"wp-image-326083 alignleft\" src=\"http:\/\/sana.sy\/es\/wp-content\/uploads\/2024\/04\/92ac39987694767280f328c8fe167aeb759008f4w.jpg\" alt=\"\" width=\"270\" height=\"180\" srcset=\"https:\/\/archive.sana.sy\/es\/wp-content\/uploads\/2024\/04\/92ac39987694767280f328c8fe167aeb759008f4w.jpg 1200w, https:\/\/archive.sana.sy\/es\/wp-content\/uploads\/2024\/04\/92ac39987694767280f328c8fe167aeb759008f4w-300x200.jpg 300w, https:\/\/archive.sana.sy\/es\/wp-content\/uploads\/2024\/04\/92ac39987694767280f328c8fe167aeb759008f4w-1024x683.jpg 1024w, https:\/\/archive.sana.sy\/es\/wp-content\/uploads\/2024\/04\/92ac39987694767280f328c8fe167aeb759008f4w-150x100.jpg 150w, https:\/\/archive.sana.sy\/es\/wp-content\/uploads\/2024\/04\/92ac39987694767280f328c8fe167aeb759008f4w-768x512.jpg 768w, https:\/\/archive.sana.sy\/es\/wp-content\/uploads\/2024\/04\/92ac39987694767280f328c8fe167aeb759008f4w-310x205.jpg 310w\" sizes=\"(max-width: 270px) 100vw, 270px\" \/>Venezuela condena de manera contundente, el ataque con misiles perpetrado por Israel, contra la sede diplom\u00e1tica y consular de la Rep\u00fablica Isl\u00e1mica de Ir\u00e1n ubicada en Al Mezzeh, Damasco, Rep\u00fablica \u00c1rabe Siria, afirm\u00f3 Gil en su cuenta en X.<\/p>\n<p style=\"text-align: justify;\">Asegur\u00f3 que tal agresi\u00f3n es una muestra m\u00e1s de la irracionalidad del r\u00e9gimen sionista, que se ha convertido en la mayor fuente de inestabilidad en la regi\u00f3n.<\/p>\n<p style=\"text-align: justify;\">Nos solidarizamos con los pueblos y gobiernos de la Rep\u00fablica Isl\u00e1mica de Ir\u00e1n y de la Rep\u00fablica \u00c1rabe Siria, al tiempo que extendemos nuestras sentidas palabras de condolencias a los familiares y amigos de las v\u00edctimas, y hacemos votos por la pronta recuperaci\u00f3n de los heridos, afirm\u00f3 el jefe de la diplomacia de la naci\u00f3n sudamericana.<\/p>\n<p style=\"text-align: justify;\">La v\u00edspera, el Ministerio de Defensa de Siria inform\u00f3 que una agresi\u00f3n israel\u00ed con misiles apunt\u00f3 contra el edificio del consulado iran\u00ed en Damasco, lo que ocasion\u00f3 su total destrucci\u00f3n y la muerte y herida de todos los que se encontraban dentro del mismo, agreg\u00f3.<\/p>\n<p style=\"text-align: justify;\">fm<\/p>\n","protected":false},"excerpt":{"rendered":"<p>La Habana \u2013 Caracas, 2 abr (SANA)\u00a0 El ministro de Relaciones Exteriores de Cuba, Bruno Rodr\u00edguez Parilla, expres\u00f3 el rechazo de su pa\u00eds al ataque israel\u00ed al consulado de Ir\u00e1n en Damasco y lo calific\u00f3 de inaceptable. \u201cCondenamos de manera en\u00e9rgica ataque de Israel a instalaciones diplom\u00e1ticas de Ir\u00e1n en Damasco en flagrante violaci\u00f3n soberan\u00eda &hellip;<\/p>\n","protected":false},"author":34,"featured_media":326086,"comment_status":"closed","ping_status":"closed","sticky":false,"template":"","format":"standard","meta":{"footnotes":""},"categories":[597,456,20724,467,583,1],"tags":[],"class_list":["post-326082","post","type-post","status-publish","format-standard","has-post-thumbnail","","category-cinta-de-noticias","category-arabe-internacional-politica","category-minuto-a-minuto","category-siria-y-el-mundo","category-slide","category-news-not-sorted"],"_links":{"self":[{"href":"https:\/\/archive.sana.sy\/es\/index.php?rest_route=\/wp\/v2\/posts\/326082"}],"collection":[{"href":"https:\/\/archive.sana.sy\/es\/index.php?rest_route=\/wp\/v2\/posts"}],"about":[{"href":"https:\/\/archive.sana.sy\/es\/index.php?rest_route=\/wp\/v2\/types\/post"}],"author":[{"embeddable":true,"href":"https:\/\/archive.sana.sy\/es\/index.php?rest_route=\/wp\/v2\/users\/34"}],"replies":[{"embeddable":true,"href":"https:\/\/archive.sana.sy\/es\/index.php?rest_route=%2Fwp%2Fv2%2Fcomments&post=326082"}],"version-history":[{"count":1,"href":"https:\/\/archive.sana.sy\/es\/index.php?rest_route=\/wp\/v2\/posts\/326082\/revisions"}],"predecessor-version":[{"id":326085,"href":"https:\/\/archive.sana.sy\/es\/index.php?rest_route=\/wp\/v2\/posts\/326082\/revisions\/326085"}],"wp:featuredmedia":[{"embeddable":true,"href":"https:\/\/archive.sana.sy\/es\/index.php?rest_route=\/wp\/v2\/media\/326086"}],"wp:attachment":[{"href":"https:\/\/archive.sana.sy\/es\/index.php?rest_route=%2Fwp%2Fv2%2Fmedia&parent=326082"}],"wp:term":[{"taxonomy":"category","embeddable":true,"href":"https:\/\/archive.sana.sy\/es\/index.php?rest_route=%2Fwp%2Fv2%2Fcategories&post=326082"},{"taxonomy":"post_tag","embeddable":true,"href":"https:\/\/archive.sana.sy\/es\/index.php?rest_route=%2Fwp%2Fv2%2Ftags&post=326082"}],"curies":[{"name":"wp","href":"https:\/\/api.w.org\/{rel}","templated":true}]}}