{"id":326088,"date":"2024-04-02T09:37:28","date_gmt":"2024-04-02T06:37:28","guid":{"rendered":"https:\/\/sana.sy\/es\/?p=326088"},"modified":"2024-04-02T09:37:28","modified_gmt":"2024-04-02T06:37:28","slug":"ataque-israeli-mato-a-trabajadores-humanitarios-en-gaza","status":"publish","type":"post","link":"https:\/\/archive.sana.sy\/es\/?p=326088","title":{"rendered":"Ataque israel\u00ed mat\u00f3 a trabajadores humanitarios en Gaza"},"content":{"rendered":"<p style=\"text-align: justify;\"><span style=\"color: #800000;\"><strong>Jerusal\u00e9n ocupada, 2 abr (SANA)<\/strong> <\/span>Cinco personas perdieron la vida en un ataque israel\u00ed contra un autom\u00f3vil que transportaba a empleados de la organizaci\u00f3n World Central Kitchen en el centro de la Franja de Gaza.<\/p>\n<p style=\"text-align: justify;\">La organizaci\u00f3n afirm\u00f3 que sus integrantes apoyaban los esfuerzos de entrega de alimentos cuando se produjo el ataque.<\/p>\n<p style=\"text-align: justify;\">&#8220;Los trabajadores de ayuda humanitaria y los civiles nunca deber\u00edan ser un objetivo&#8221;, agreg\u00f3.<\/p>\n<p style=\"text-align: justify;\">Entre las v\u00edctimas se encuentran ciudadanos de Polonia, Australia y Reino Unido.<\/p>\n<p style=\"text-align: justify;\">fm\/as<\/p>\n","protected":false},"excerpt":{"rendered":"<p>Jerusal\u00e9n ocupada, 2 abr (SANA) Cinco personas perdieron la vida en un ataque israel\u00ed contra un autom\u00f3vil que transportaba a empleados de la organizaci\u00f3n World Central Kitchen en el centro de la Franja de Gaza. La organizaci\u00f3n afirm\u00f3 que sus integrantes apoyaban los esfuerzos de entrega de alimentos cuando se produjo el ataque. &#8220;Los trabajadores &hellip;<\/p>\n","protected":false},"author":42,"featured_media":326089,"comment_status":"closed","ping_status":"closed","sticky":false,"template":"","format":"standard","meta":{"footnotes":""},"categories":[597,456,16687,20724,7541],"tags":[],"class_list":["post-326088","post","type-post","status-publish","format-standard","has-post-thumbnail","","category-cinta-de-noticias","category-arabe-internacional-politica","category-internacionales","category-minuto-a-minuto","category-ultimas-noticias"],"_links":{"self":[{"href":"https:\/\/archive.sana.sy\/es\/index.php?rest_route=\/wp\/v2\/posts\/326088"}],"collection":[{"href":"https:\/\/archive.sana.sy\/es\/index.php?rest_route=\/wp\/v2\/posts"}],"about":[{"href":"https:\/\/archive.sana.sy\/es\/index.php?rest_route=\/wp\/v2\/types\/post"}],"author":[{"embeddable":true,"href":"https:\/\/archive.sana.sy\/es\/index.php?rest_route=\/wp\/v2\/users\/42"}],"replies":[{"embeddable":true,"href":"https:\/\/archive.sana.sy\/es\/index.php?rest_route=%2Fwp%2Fv2%2Fcomments&post=326088"}],"version-history":[{"count":1,"href":"https:\/\/archive.sana.sy\/es\/index.php?rest_route=\/wp\/v2\/posts\/326088\/revisions"}],"predecessor-version":[{"id":326090,"href":"https:\/\/archive.sana.sy\/es\/index.php?rest_route=\/wp\/v2\/posts\/326088\/revisions\/326090"}],"wp:featuredmedia":[{"embeddable":true,"href":"https:\/\/archive.sana.sy\/es\/index.php?rest_route=\/wp\/v2\/media\/326089"}],"wp:attachment":[{"href":"https:\/\/archive.sana.sy\/es\/index.php?rest_route=%2Fwp%2Fv2%2Fmedia&parent=326088"}],"wp:term":[{"taxonomy":"category","embeddable":true,"href":"https:\/\/archive.sana.sy\/es\/index.php?rest_route=%2Fwp%2Fv2%2Fcategories&post=326088"},{"taxonomy":"post_tag","embeddable":true,"href":"https:\/\/archive.sana.sy\/es\/index.php?rest_route=%2Fwp%2Fv2%2Ftags&post=326088"}],"curies":[{"name":"wp","href":"https:\/\/api.w.org\/{rel}","templated":true}]}}