{"id":326091,"date":"2024-04-02T10:08:51","date_gmt":"2024-04-02T07:08:51","guid":{"rendered":"https:\/\/sana.sy\/es\/?p=326091"},"modified":"2024-04-02T10:08:51","modified_gmt":"2024-04-02T07:08:51","slug":"arabia-saudita-condena-agresion-israeli-contra-el-consulado-irani-en-damasco","status":"publish","type":"post","link":"https:\/\/archive.sana.sy\/es\/?p=326091","title":{"rendered":"Arabia Saudita condena agresi\u00f3n israel\u00ed contra el consulado iran\u00ed en Damasco"},"content":{"rendered":"<p style=\"text-align: justify;\"><span style=\"color: #800000;\"><strong>Riad, 2 abr (SANA)<\/strong><\/span> Arabia Saudita expres\u00f3 hoy su condena y rechazo en\u00e9rgico a la agresi\u00f3n israel\u00ed contra el edificio del consulado iran\u00ed en Damasco.<\/p>\n<p style=\"text-align: justify;\">Una declaraci\u00f3n del Ministerio de Asuntos Exteriores saudita publicada hoy en la plataforma X dec\u00eda que \u201cel Reino de Arabia Saudita condena el ataque y expresa su rechazo categ\u00f3rico a los ataques contra instalaciones diplom\u00e1ticas bajo cualquier justificaci\u00f3n y pretexto, ya que constituye una violaci\u00f3n del derecho diplom\u00e1tico internacional y de las normas de inmunidad diplom\u00e1tica&#8221;.<\/p>\n<p style=\"text-align: justify;\">Por su parte, el secretario general del Consejo de Cooperaci\u00f3n del Golfo, Jassim Mohammed Al-Budaiwi, expres\u00f3 su condena y denuncia al ataque y destac\u00f3 la importancia de respetar las leyes, tratados y las inmunidades diplom\u00e1ticas internacionales que exigen la protecci\u00f3n y preservaci\u00f3n de las misiones diplom\u00e1ticas y consulares.<\/p>\n<p style=\"text-align: justify;\">fm\/as<\/p>\n","protected":false},"excerpt":{"rendered":"<p>Riad, 2 abr (SANA) Arabia Saudita expres\u00f3 hoy su condena y rechazo en\u00e9rgico a la agresi\u00f3n israel\u00ed contra el edificio del consulado iran\u00ed en Damasco. Una declaraci\u00f3n del Ministerio de Asuntos Exteriores saudita publicada hoy en la plataforma X dec\u00eda que \u201cel Reino de Arabia Saudita condena el ataque y expresa su rechazo categ\u00f3rico a &hellip;<\/p>\n","protected":false},"author":42,"featured_media":326092,"comment_status":"closed","ping_status":"closed","sticky":false,"template":"","format":"standard","meta":{"footnotes":""},"categories":[597,20724,467,7541],"tags":[],"class_list":["post-326091","post","type-post","status-publish","format-standard","has-post-thumbnail","","category-cinta-de-noticias","category-minuto-a-minuto","category-siria-y-el-mundo","category-ultimas-noticias"],"_links":{"self":[{"href":"https:\/\/archive.sana.sy\/es\/index.php?rest_route=\/wp\/v2\/posts\/326091"}],"collection":[{"href":"https:\/\/archive.sana.sy\/es\/index.php?rest_route=\/wp\/v2\/posts"}],"about":[{"href":"https:\/\/archive.sana.sy\/es\/index.php?rest_route=\/wp\/v2\/types\/post"}],"author":[{"embeddable":true,"href":"https:\/\/archive.sana.sy\/es\/index.php?rest_route=\/wp\/v2\/users\/42"}],"replies":[{"embeddable":true,"href":"https:\/\/archive.sana.sy\/es\/index.php?rest_route=%2Fwp%2Fv2%2Fcomments&post=326091"}],"version-history":[{"count":1,"href":"https:\/\/archive.sana.sy\/es\/index.php?rest_route=\/wp\/v2\/posts\/326091\/revisions"}],"predecessor-version":[{"id":326093,"href":"https:\/\/archive.sana.sy\/es\/index.php?rest_route=\/wp\/v2\/posts\/326091\/revisions\/326093"}],"wp:featuredmedia":[{"embeddable":true,"href":"https:\/\/archive.sana.sy\/es\/index.php?rest_route=\/wp\/v2\/media\/326092"}],"wp:attachment":[{"href":"https:\/\/archive.sana.sy\/es\/index.php?rest_route=%2Fwp%2Fv2%2Fmedia&parent=326091"}],"wp:term":[{"taxonomy":"category","embeddable":true,"href":"https:\/\/archive.sana.sy\/es\/index.php?rest_route=%2Fwp%2Fv2%2Fcategories&post=326091"},{"taxonomy":"post_tag","embeddable":true,"href":"https:\/\/archive.sana.sy\/es\/index.php?rest_route=%2Fwp%2Fv2%2Ftags&post=326091"}],"curies":[{"name":"wp","href":"https:\/\/api.w.org\/{rel}","templated":true}]}}