{"id":326094,"date":"2024-04-02T10:58:33","date_gmt":"2024-04-02T07:58:33","guid":{"rendered":"https:\/\/sana.sy\/es\/?p=326094"},"modified":"2024-04-02T10:58:33","modified_gmt":"2024-04-02T07:58:33","slug":"el-ataque-al-consulado-irani-en-siria-no-quedara-sin-respuesta-afirma-raisi","status":"publish","type":"post","link":"https:\/\/archive.sana.sy\/es\/?p=326094","title":{"rendered":"El ataque al consulado iran\u00ed en Siria no quedar\u00e1 sin respuesta, afirma Raisi"},"content":{"rendered":"<p style=\"text-align: justify;\"><span style=\"color: #800000;\"><strong>Teher\u00e1n, 2 abr (SANA)<\/strong><\/span> El presidente iran\u00ed Ibrahim Raisi, afirm\u00f3 hoy que el &#8220;cobarde crimen terrorista cometido por la entidad sionista contra el consulado iran\u00ed no quedar\u00e1 sin respuesta&#8221;.<\/p>\n<p style=\"text-align: justify;\">Los sionistas deben saber que nunca lograr\u00e1n sus objetivos con estas acciones inhumanas, y que el frente de resistencia se est\u00e1 fortaleciendo, asegur\u00f3 el mandatario.<\/p>\n<p style=\"text-align: justify;\">Consider\u00f3 que &#8220;Israel&#8221; recurre a los asesinatos cobardes tras su derrota y repetidos fracasos ante el Frente de Resistencia.<\/p>\n<p style=\"text-align: justify;\">El brutal ataque israel\u00ed al consulado iran\u00ed es un crimen terrorista y una violaci\u00f3n de las resoluciones internacionales, asegur\u00f3 el Gobernante.<\/p>\n<p style=\"text-align: justify;\">El Ministerio de Defensa de Siria inform\u00f3 la v\u00edspera por medio de un comunicado que Israel lanz\u00f3 una agresi\u00f3n con misiles disparados desde el Gol\u00e1n sirio ocupado lo que caus\u00f3 la destrucci\u00f3n total de todo el edificio del consulado iran\u00ed y la muerte y heridas de todos los que se encontraban dentro del mismo.<\/p>\n<p style=\"text-align: justify;\">fm\/as<\/p>\n","protected":false},"excerpt":{"rendered":"<p>Teher\u00e1n, 2 abr (SANA) El presidente iran\u00ed Ibrahim Raisi, afirm\u00f3 hoy que el &#8220;cobarde crimen terrorista cometido por la entidad sionista contra el consulado iran\u00ed no quedar\u00e1 sin respuesta&#8221;. Los sionistas deben saber que nunca lograr\u00e1n sus objetivos con estas acciones inhumanas, y que el frente de resistencia se est\u00e1 fortaleciendo, asegur\u00f3 el mandatario. Consider\u00f3 &hellip;<\/p>\n","protected":false},"author":42,"featured_media":326096,"comment_status":"closed","ping_status":"closed","sticky":false,"template":"","format":"standard","meta":{"footnotes":""},"categories":[597,20724,467,7541],"tags":[],"class_list":["post-326094","post","type-post","status-publish","format-standard","has-post-thumbnail","","category-cinta-de-noticias","category-minuto-a-minuto","category-siria-y-el-mundo","category-ultimas-noticias"],"_links":{"self":[{"href":"https:\/\/archive.sana.sy\/es\/index.php?rest_route=\/wp\/v2\/posts\/326094"}],"collection":[{"href":"https:\/\/archive.sana.sy\/es\/index.php?rest_route=\/wp\/v2\/posts"}],"about":[{"href":"https:\/\/archive.sana.sy\/es\/index.php?rest_route=\/wp\/v2\/types\/post"}],"author":[{"embeddable":true,"href":"https:\/\/archive.sana.sy\/es\/index.php?rest_route=\/wp\/v2\/users\/42"}],"replies":[{"embeddable":true,"href":"https:\/\/archive.sana.sy\/es\/index.php?rest_route=%2Fwp%2Fv2%2Fcomments&post=326094"}],"version-history":[{"count":1,"href":"https:\/\/archive.sana.sy\/es\/index.php?rest_route=\/wp\/v2\/posts\/326094\/revisions"}],"predecessor-version":[{"id":326097,"href":"https:\/\/archive.sana.sy\/es\/index.php?rest_route=\/wp\/v2\/posts\/326094\/revisions\/326097"}],"wp:featuredmedia":[{"embeddable":true,"href":"https:\/\/archive.sana.sy\/es\/index.php?rest_route=\/wp\/v2\/media\/326096"}],"wp:attachment":[{"href":"https:\/\/archive.sana.sy\/es\/index.php?rest_route=%2Fwp%2Fv2%2Fmedia&parent=326094"}],"wp:term":[{"taxonomy":"category","embeddable":true,"href":"https:\/\/archive.sana.sy\/es\/index.php?rest_route=%2Fwp%2Fv2%2Fcategories&post=326094"},{"taxonomy":"post_tag","embeddable":true,"href":"https:\/\/archive.sana.sy\/es\/index.php?rest_route=%2Fwp%2Fv2%2Ftags&post=326094"}],"curies":[{"name":"wp","href":"https:\/\/api.w.org\/{rel}","templated":true}]}}