{"id":326098,"date":"2024-04-02T13:07:23","date_gmt":"2024-04-02T10:07:23","guid":{"rendered":"https:\/\/sana.sy\/es\/?p=326098"},"modified":"2024-04-02T13:07:23","modified_gmt":"2024-04-02T10:07:23","slug":"shura-irani-la-agresion-israeli-al-consulado-en-damasco-viola-los-tratados-internacionales","status":"publish","type":"post","link":"https:\/\/archive.sana.sy\/es\/?p=326098","title":{"rendered":"Shura iran\u00ed: La agresi\u00f3n israel\u00ed al consulado en Damasco viola los tratados internacionales"},"content":{"rendered":"<p style=\"text-align: justify;\"><span style=\"color: #800000;\"><strong>Teher\u00e1n, 2 abr (SANA)<\/strong> <\/span>El portavoz del Consejo de la Shura iran\u00ed, Nizam al-Din Moussawi, afirm\u00f3 hoy que la agresi\u00f3n israel\u00ed contra el consulado iran\u00ed en Damasco constituye una violaci\u00f3n de todos los tratados internacionales.<\/p>\n<p style=\"text-align: justify;\">Seg\u00fan Al-Moussawi, Israel se venga de su derrota mediante estos actos criminales y terroristas.<\/p>\n<p style=\"text-align: justify;\">A su vez, el portavoz del Ministerio de Asuntos Exteriores iran\u00ed, Nasser Kanaani, conden\u00f3 en\u00e9rgicamente el ataque terrorista israel\u00ed contra el edificio del consulado iran\u00ed en Damasco y destac\u00f3 que se trataba de una flagrante violaci\u00f3n de las normas internacionales.<\/p>\n<p style=\"text-align: justify;\">fm\/as<\/p>\n","protected":false},"excerpt":{"rendered":"<p>Teher\u00e1n, 2 abr (SANA) El portavoz del Consejo de la Shura iran\u00ed, Nizam al-Din Moussawi, afirm\u00f3 hoy que la agresi\u00f3n israel\u00ed contra el consulado iran\u00ed en Damasco constituye una violaci\u00f3n de todos los tratados internacionales. Seg\u00fan Al-Moussawi, Israel se venga de su derrota mediante estos actos criminales y terroristas. A su vez, el portavoz del &hellip;<\/p>\n","protected":false},"author":42,"featured_media":326099,"comment_status":"closed","ping_status":"closed","sticky":false,"template":"","format":"standard","meta":{"footnotes":""},"categories":[597,20724,467,7541],"tags":[],"class_list":["post-326098","post","type-post","status-publish","format-standard","has-post-thumbnail","","category-cinta-de-noticias","category-minuto-a-minuto","category-siria-y-el-mundo","category-ultimas-noticias"],"_links":{"self":[{"href":"https:\/\/archive.sana.sy\/es\/index.php?rest_route=\/wp\/v2\/posts\/326098"}],"collection":[{"href":"https:\/\/archive.sana.sy\/es\/index.php?rest_route=\/wp\/v2\/posts"}],"about":[{"href":"https:\/\/archive.sana.sy\/es\/index.php?rest_route=\/wp\/v2\/types\/post"}],"author":[{"embeddable":true,"href":"https:\/\/archive.sana.sy\/es\/index.php?rest_route=\/wp\/v2\/users\/42"}],"replies":[{"embeddable":true,"href":"https:\/\/archive.sana.sy\/es\/index.php?rest_route=%2Fwp%2Fv2%2Fcomments&post=326098"}],"version-history":[{"count":1,"href":"https:\/\/archive.sana.sy\/es\/index.php?rest_route=\/wp\/v2\/posts\/326098\/revisions"}],"predecessor-version":[{"id":326100,"href":"https:\/\/archive.sana.sy\/es\/index.php?rest_route=\/wp\/v2\/posts\/326098\/revisions\/326100"}],"wp:featuredmedia":[{"embeddable":true,"href":"https:\/\/archive.sana.sy\/es\/index.php?rest_route=\/wp\/v2\/media\/326099"}],"wp:attachment":[{"href":"https:\/\/archive.sana.sy\/es\/index.php?rest_route=%2Fwp%2Fv2%2Fmedia&parent=326098"}],"wp:term":[{"taxonomy":"category","embeddable":true,"href":"https:\/\/archive.sana.sy\/es\/index.php?rest_route=%2Fwp%2Fv2%2Fcategories&post=326098"},{"taxonomy":"post_tag","embeddable":true,"href":"https:\/\/archive.sana.sy\/es\/index.php?rest_route=%2Fwp%2Fv2%2Ftags&post=326098"}],"curies":[{"name":"wp","href":"https:\/\/api.w.org\/{rel}","templated":true}]}}