{"id":32611,"date":"2015-10-31T21:04:40","date_gmt":"2015-10-31T19:04:40","guid":{"rendered":"http:\/\/sana.sy\/es\/?p=32611"},"modified":"2015-10-31T21:04:40","modified_gmt":"2015-10-31T19:04:40","slug":"el-ejercito-libanes-destruye-un-vehiculo-de-los-terroristas-en-ersal","status":"publish","type":"post","link":"https:\/\/archive.sana.sy\/es\/?p=32611","title":{"rendered":"El ej\u00e9rcito liban\u00e9s destruye un veh\u00edculo de los terroristas en Ersal"},"content":{"rendered":"<p style=\"text-align: justify\"><span style=\"color: #800000\">Beirut, SANA<\/span>&#8211; El \u00a0ej\u00e9rcito liban\u00e9s destruy\u00f3 el s\u00e1bado un carro militar de una organizaci\u00f3n terrorista, matando a todos sus tripulantes en la zona de Ersal al norte del L\u00edbano, seg\u00fan inform\u00f3 la agencia libanesa ANN.<\/p>\n<p style=\"text-align: justify\">La fuente agreg\u00f3 que los terroristas intentaron infiltrarse hacia la localidad de Ersal y a las aldeas de Beca.<\/p>\n<p style=\"text-align: justify\">En el mismo contexto, el ej\u00e9rcito liban\u00e9s bombarde\u00f3 el jueves pasado unas agrupaciones terroristas en las monta\u00f1as de Ersal infligiendo significativas p\u00e9rdidas en sus filas.<\/p>\n<p>M.Miri<\/p>\n","protected":false},"excerpt":{"rendered":"<p>Beirut, SANA&#8211; El \u00a0ej\u00e9rcito liban\u00e9s destruy\u00f3 el s\u00e1bado un carro militar de una organizaci\u00f3n terrorista, matando a todos sus tripulantes en la zona de Ersal al norte del L\u00edbano, seg\u00fan inform\u00f3 la agencia libanesa ANN. La fuente agreg\u00f3 que los terroristas intentaron infiltrarse hacia la localidad de Ersal y a las aldeas de Beca. En &hellip;<\/p>\n","protected":false},"author":1,"featured_media":16233,"comment_status":"closed","ping_status":"closed","sticky":false,"template":"","format":"standard","meta":{"footnotes":""},"categories":[456,457],"tags":[7255],"class_list":["post-32611","post","type-post","status-publish","format-standard","has-post-thumbnail","","category-arabe-internacional-politica","category-noticias-arabe-internacional-politica","tag-el-ejercito-libanes-destruye-un-vehiculo-de-los-terroristas-en-ersal"],"_links":{"self":[{"href":"https:\/\/archive.sana.sy\/es\/index.php?rest_route=\/wp\/v2\/posts\/32611"}],"collection":[{"href":"https:\/\/archive.sana.sy\/es\/index.php?rest_route=\/wp\/v2\/posts"}],"about":[{"href":"https:\/\/archive.sana.sy\/es\/index.php?rest_route=\/wp\/v2\/types\/post"}],"author":[{"embeddable":true,"href":"https:\/\/archive.sana.sy\/es\/index.php?rest_route=\/wp\/v2\/users\/1"}],"replies":[{"embeddable":true,"href":"https:\/\/archive.sana.sy\/es\/index.php?rest_route=%2Fwp%2Fv2%2Fcomments&post=32611"}],"version-history":[{"count":0,"href":"https:\/\/archive.sana.sy\/es\/index.php?rest_route=\/wp\/v2\/posts\/32611\/revisions"}],"wp:featuredmedia":[{"embeddable":true,"href":"https:\/\/archive.sana.sy\/es\/index.php?rest_route=\/wp\/v2\/media\/16233"}],"wp:attachment":[{"href":"https:\/\/archive.sana.sy\/es\/index.php?rest_route=%2Fwp%2Fv2%2Fmedia&parent=32611"}],"wp:term":[{"taxonomy":"category","embeddable":true,"href":"https:\/\/archive.sana.sy\/es\/index.php?rest_route=%2Fwp%2Fv2%2Fcategories&post=32611"},{"taxonomy":"post_tag","embeddable":true,"href":"https:\/\/archive.sana.sy\/es\/index.php?rest_route=%2Fwp%2Fv2%2Ftags&post=32611"}],"curies":[{"name":"wp","href":"https:\/\/api.w.org\/{rel}","templated":true}]}}