{"id":326111,"date":"2024-04-02T14:37:28","date_gmt":"2024-04-02T11:37:28","guid":{"rendered":"https:\/\/sana.sy\/es\/?p=326111"},"modified":"2024-04-02T14:37:28","modified_gmt":"2024-04-02T11:37:28","slug":"pedro-sanchez-reconoceremos-el-estado-de-palestina","status":"publish","type":"post","link":"https:\/\/archive.sana.sy\/es\/?p=326111","title":{"rendered":"Pedro S\u00e1nchez: Reconoceremos el Estado de Palestina"},"content":{"rendered":"<p style=\"text-align: justify;\"><strong><span style=\"color: #800000;\">Madrid, 2 abr (SANA)<\/span>\u00a0\u00a0<\/strong> El presidente del Gobierno espa\u00f1ol, Pedro S\u00e1nchez, ratific\u00f3 la intenci\u00f3n de su pa\u00eds de reconocer el Estado de Palestina y pidi\u00f3 a la comunidad internacional que d\u00e9 tambi\u00e9n este paso para lograr la estabilidad en la regi\u00f3n.<\/p>\n<p style=\"text-align: justify;\">S\u00e1nchez declar\u00f3 que la decisi\u00f3n conjunta tomada con los primeros ministros de Irlanda, Malta y Eslovenia sobre el reconocimiento del Estado palestino se implementar\u00e1 antes del verano en caso de existirse las condiciones apropiadas.<\/p>\n<p style=\"text-align: justify;\">Aclar\u00f3 que Espa\u00f1a tomar\u00e1 la decisi\u00f3n de reconocer el Estado palestino primero en el Consejo de Ministros y luego ser\u00e1 presentado al Parlamento.<\/p>\n<p style=\"text-align: justify;\">S\u00e1nchez se\u00f1al\u00f3 la necesidad de que la comunidad internacional preste atenci\u00f3n a las discusiones encaminadas a reconocer a Palestina como Estado miembro de pleno derecho en las Naciones Unidas en las pr\u00f3ximas semanas porque es la \u00fanica manera de garantizar la estabilidad y la seguridad en la regi\u00f3n.<\/p>\n<p style=\"text-align: justify;\">fm<\/p>\n","protected":false},"excerpt":{"rendered":"<p>Madrid, 2 abr (SANA)\u00a0\u00a0 El presidente del Gobierno espa\u00f1ol, Pedro S\u00e1nchez, ratific\u00f3 la intenci\u00f3n de su pa\u00eds de reconocer el Estado de Palestina y pidi\u00f3 a la comunidad internacional que d\u00e9 tambi\u00e9n este paso para lograr la estabilidad en la regi\u00f3n. S\u00e1nchez declar\u00f3 que la decisi\u00f3n conjunta tomada con los primeros ministros de Irlanda, Malta &hellip;<\/p>\n","protected":false},"author":34,"featured_media":326112,"comment_status":"closed","ping_status":"closed","sticky":false,"template":"","format":"standard","meta":{"footnotes":""},"categories":[597,456,20724,7541],"tags":[],"class_list":["post-326111","post","type-post","status-publish","format-standard","has-post-thumbnail","","category-cinta-de-noticias","category-arabe-internacional-politica","category-minuto-a-minuto","category-ultimas-noticias"],"_links":{"self":[{"href":"https:\/\/archive.sana.sy\/es\/index.php?rest_route=\/wp\/v2\/posts\/326111"}],"collection":[{"href":"https:\/\/archive.sana.sy\/es\/index.php?rest_route=\/wp\/v2\/posts"}],"about":[{"href":"https:\/\/archive.sana.sy\/es\/index.php?rest_route=\/wp\/v2\/types\/post"}],"author":[{"embeddable":true,"href":"https:\/\/archive.sana.sy\/es\/index.php?rest_route=\/wp\/v2\/users\/34"}],"replies":[{"embeddable":true,"href":"https:\/\/archive.sana.sy\/es\/index.php?rest_route=%2Fwp%2Fv2%2Fcomments&post=326111"}],"version-history":[{"count":1,"href":"https:\/\/archive.sana.sy\/es\/index.php?rest_route=\/wp\/v2\/posts\/326111\/revisions"}],"predecessor-version":[{"id":326113,"href":"https:\/\/archive.sana.sy\/es\/index.php?rest_route=\/wp\/v2\/posts\/326111\/revisions\/326113"}],"wp:featuredmedia":[{"embeddable":true,"href":"https:\/\/archive.sana.sy\/es\/index.php?rest_route=\/wp\/v2\/media\/326112"}],"wp:attachment":[{"href":"https:\/\/archive.sana.sy\/es\/index.php?rest_route=%2Fwp%2Fv2%2Fmedia&parent=326111"}],"wp:term":[{"taxonomy":"category","embeddable":true,"href":"https:\/\/archive.sana.sy\/es\/index.php?rest_route=%2Fwp%2Fv2%2Fcategories&post=326111"},{"taxonomy":"post_tag","embeddable":true,"href":"https:\/\/archive.sana.sy\/es\/index.php?rest_route=%2Fwp%2Fv2%2Ftags&post=326111"}],"curies":[{"name":"wp","href":"https:\/\/api.w.org\/{rel}","templated":true}]}}