{"id":326140,"date":"2024-04-02T17:17:45","date_gmt":"2024-04-02T14:17:45","guid":{"rendered":"https:\/\/sana.sy\/es\/?p=326140"},"modified":"2024-04-02T17:17:45","modified_gmt":"2024-04-02T14:17:45","slug":"lukashenko-belarus-se-prepara-para-una-guerra","status":"publish","type":"post","link":"https:\/\/archive.sana.sy\/es\/?p=326140","title":{"rendered":"Lukashenko: Belar\u00fas se prepara para una guerra"},"content":{"rendered":"<blockquote>\n<p style=\"text-align: justify\"><span style=\"color: #993300\">\u00abNo cre\u00e1is que queremos pelear. Nos estamos preparando para una guerra, lo digo francamente. Si quieres la paz, prep\u00e1rate para la guerra, no soy yo qui\u00e9n dijo la frase\u00bb, dijo el l\u00edder belaruso<\/span><\/p>\n<\/blockquote>\n<p style=\"text-align: justify\"><span style=\"color: #800000\"><strong>Minsk, 02 abr (SANA)<\/strong> <\/span>Belar\u00fas se est\u00e1 preparando para una guerra, aunque no busca conflictos, declar\u00f3 el presidente del pa\u00eds eslavo, Alexandr Lukashenko.<\/p>\n<p>\u00abNo cre\u00e1is que queremos pelear. Nos estamos preparando para una guerra, lo digo francamente. Si quieres la paz, prep\u00e1rate para la guerra, no soy yo qui\u00e9n dijo la frase\u00bb, dijo el l\u00edder belaruso.<\/p>\n<p style=\"text-align: justify\">Especific\u00f3 que se realiza el entrenamiento necesario de las unidades correspondientes, as\u00ed como se suministran diferentes tipos de armas y equipos a las tropas. Minsk, continu\u00f3 Lukashenko, no amenaza a nadie ni quiere ocupar el territorio de otros pa\u00edses.<\/p>\n<p style=\"text-align: justify\">En 2023, Rusia despleg\u00f3 en suelo belaruso armas nucleares t\u00e1cticas para disuadir a la Organizaci\u00f3n del Tratado del Atl\u00e1ntico Norte (OTAN) de posibles agresiones.<\/p>\n<p style=\"text-align: justify\">\nfm\/la<\/p>\n","protected":false},"excerpt":{"rendered":"<p>\u00abNo cre\u00e1is que queremos pelear. Nos estamos preparando para una guerra, lo digo francamente. Si quieres la paz, prep\u00e1rate para la guerra, no soy yo qui\u00e9n dijo la frase\u00bb, dijo el l\u00edder belaruso Minsk, 02 abr (SANA) Belar\u00fas se est\u00e1 preparando para una guerra, aunque no busca conflictos, declar\u00f3 el presidente del pa\u00eds eslavo, Alexandr &hellip;<\/p>\n","protected":false},"author":24,"featured_media":326141,"comment_status":"closed","ping_status":"closed","sticky":false,"template":"","format":"standard","meta":{"footnotes":""},"categories":[597,456,16687,20724,7541],"tags":[],"class_list":["post-326140","post","type-post","status-publish","format-standard","has-post-thumbnail","","category-cinta-de-noticias","category-arabe-internacional-politica","category-internacionales","category-minuto-a-minuto","category-ultimas-noticias"],"_links":{"self":[{"href":"https:\/\/archive.sana.sy\/es\/index.php?rest_route=\/wp\/v2\/posts\/326140"}],"collection":[{"href":"https:\/\/archive.sana.sy\/es\/index.php?rest_route=\/wp\/v2\/posts"}],"about":[{"href":"https:\/\/archive.sana.sy\/es\/index.php?rest_route=\/wp\/v2\/types\/post"}],"author":[{"embeddable":true,"href":"https:\/\/archive.sana.sy\/es\/index.php?rest_route=\/wp\/v2\/users\/24"}],"replies":[{"embeddable":true,"href":"https:\/\/archive.sana.sy\/es\/index.php?rest_route=%2Fwp%2Fv2%2Fcomments&post=326140"}],"version-history":[{"count":1,"href":"https:\/\/archive.sana.sy\/es\/index.php?rest_route=\/wp\/v2\/posts\/326140\/revisions"}],"predecessor-version":[{"id":326142,"href":"https:\/\/archive.sana.sy\/es\/index.php?rest_route=\/wp\/v2\/posts\/326140\/revisions\/326142"}],"wp:featuredmedia":[{"embeddable":true,"href":"https:\/\/archive.sana.sy\/es\/index.php?rest_route=\/wp\/v2\/media\/326141"}],"wp:attachment":[{"href":"https:\/\/archive.sana.sy\/es\/index.php?rest_route=%2Fwp%2Fv2%2Fmedia&parent=326140"}],"wp:term":[{"taxonomy":"category","embeddable":true,"href":"https:\/\/archive.sana.sy\/es\/index.php?rest_route=%2Fwp%2Fv2%2Fcategories&post=326140"},{"taxonomy":"post_tag","embeddable":true,"href":"https:\/\/archive.sana.sy\/es\/index.php?rest_route=%2Fwp%2Fv2%2Ftags&post=326140"}],"curies":[{"name":"wp","href":"https:\/\/api.w.org\/{rel}","templated":true}]}}