{"id":32615,"date":"2015-10-31T22:23:56","date_gmt":"2015-10-31T20:23:56","guid":{"rendered":"http:\/\/sana.sy\/es\/?p=32615"},"modified":"2015-10-31T22:23:56","modified_gmt":"2015-10-31T20:23:56","slug":"descubren-a-130-refugiados-en-camion-frigorifico-en-bulgaria","status":"publish","type":"post","link":"https:\/\/archive.sana.sy\/es\/?p=32615","title":{"rendered":"Descubren a 130 refugiados en cami\u00f3n frigor\u00edfico en Bulgaria"},"content":{"rendered":"<p style=\"text-align: justify\"><span style=\"color: #800000\">Sof\u00eda, SANA<\/span>&#8211; La polic\u00eda de fronteras de Bulgaria ha encontrado en un cami\u00f3n frigor\u00edfico procedente de Turqu\u00eda a 130 refugiados, inform\u00f3 hoy el Ministerio del Interior en Sof\u00eda, sin precisar el estado de salud de los inmigrantes.<\/p>\n<p style=\"text-align: justify\">Los refugiados, entre ellos 58 ni\u00f1os, 33 hombres y 38 mujeres, estaban escondidos detr\u00e1s de pal\u00e9s con botellas de agua mineral. Seg\u00fan el Ministerio del Interior b\u00falgaro, no llevaban consigo documentos pero dijeron ser originarios de Siria. El conductor turco del cami\u00f3n, que se dirig\u00eda a Rumania, fue arrestado.<\/p>\n<p style=\"text-align: justify\">Bulgaria, pa\u00eds que no pertenece al espacio de Schengen, se empe\u00f1a en detener la entrada ilegal de refugiados y en registrar a los inmigrantes. Seg\u00fan inform\u00f3 el Ministerio del Interior b\u00falgaro este s\u00e1bado, 495 extranjeros fueron detenidos en redadas llevadas a cabo en todo el pa\u00eds desde el viernes.<\/p>\n<p>M.Miri<\/p>\n","protected":false},"excerpt":{"rendered":"<p>Sof\u00eda, SANA&#8211; La polic\u00eda de fronteras de Bulgaria ha encontrado en un cami\u00f3n frigor\u00edfico procedente de Turqu\u00eda a 130 refugiados, inform\u00f3 hoy el Ministerio del Interior en Sof\u00eda, sin precisar el estado de salud de los inmigrantes. Los refugiados, entre ellos 58 ni\u00f1os, 33 hombres y 38 mujeres, estaban escondidos detr\u00e1s de pal\u00e9s con botellas &hellip;<\/p>\n","protected":false},"author":1,"featured_media":32616,"comment_status":"closed","ping_status":"closed","sticky":false,"template":"","format":"standard","meta":{"footnotes":""},"categories":[1],"tags":[7257],"class_list":["post-32615","post","type-post","status-publish","format-standard","has-post-thumbnail","","category-news-not-sorted","tag-descubren-a-130-refugiados-en-camion-frigorifico-en-bulgaria"],"_links":{"self":[{"href":"https:\/\/archive.sana.sy\/es\/index.php?rest_route=\/wp\/v2\/posts\/32615"}],"collection":[{"href":"https:\/\/archive.sana.sy\/es\/index.php?rest_route=\/wp\/v2\/posts"}],"about":[{"href":"https:\/\/archive.sana.sy\/es\/index.php?rest_route=\/wp\/v2\/types\/post"}],"author":[{"embeddable":true,"href":"https:\/\/archive.sana.sy\/es\/index.php?rest_route=\/wp\/v2\/users\/1"}],"replies":[{"embeddable":true,"href":"https:\/\/archive.sana.sy\/es\/index.php?rest_route=%2Fwp%2Fv2%2Fcomments&post=32615"}],"version-history":[{"count":0,"href":"https:\/\/archive.sana.sy\/es\/index.php?rest_route=\/wp\/v2\/posts\/32615\/revisions"}],"wp:featuredmedia":[{"embeddable":true,"href":"https:\/\/archive.sana.sy\/es\/index.php?rest_route=\/wp\/v2\/media\/32616"}],"wp:attachment":[{"href":"https:\/\/archive.sana.sy\/es\/index.php?rest_route=%2Fwp%2Fv2%2Fmedia&parent=32615"}],"wp:term":[{"taxonomy":"category","embeddable":true,"href":"https:\/\/archive.sana.sy\/es\/index.php?rest_route=%2Fwp%2Fv2%2Fcategories&post=32615"},{"taxonomy":"post_tag","embeddable":true,"href":"https:\/\/archive.sana.sy\/es\/index.php?rest_route=%2Fwp%2Fv2%2Ftags&post=32615"}],"curies":[{"name":"wp","href":"https:\/\/api.w.org\/{rel}","templated":true}]}}