{"id":326150,"date":"2024-04-02T18:40:01","date_gmt":"2024-04-02T15:40:01","guid":{"rendered":"https:\/\/sana.sy\/es\/?p=326150"},"modified":"2024-04-02T18:49:34","modified_gmt":"2024-04-02T15:49:34","slug":"siria-y-armenia-aborda-vias-de-fortalecer-lazos-parlamentarios","status":"publish","type":"post","link":"https:\/\/archive.sana.sy\/es\/?p=326150","title":{"rendered":"Siria y Armenia abordan v\u00edas de fortalecer lazos parlamentarios"},"content":{"rendered":"<p style=\"text-align: justify\"><span style=\"color: #800000\"><strong>Damasco, 02 abr (SANA)<\/strong><\/span> El presidente de la Asamblea Popular, Hammouda Sabbagh, recibi\u00f3 este martes a Dikran Kevorkian, \u00a0embajador de la Rep\u00fablica de Armenia en Damasco.<\/p>\n<p style=\"text-align: justify\">Durante la reuni\u00f3n, Sabbagh subray\u00f3 la importancia de potenciar la cooperaci\u00f3n y relaciones entre Siria y Armenia en los \u00e1mbitos parlamentarios y econ\u00f3micos.<\/p>\n<p style=\"text-align: justify\">Se\u00f1al\u00f3 que la guerra terrorista librada contra Siria ha tenido como objetivo disuadir a la naci\u00f3n \u00e1rabe de sus firmes posturas en apoyo a las causas justas, en general, y la causa palestina en particular.<\/p>\n<p style=\"text-align: justify\">Por su parte, el embajador Kevorkian resalt\u00f3 los profundos lazos que unen los ambos pa\u00edses, y la necesidad de fortalecer la cooperaci\u00f3n interparlamentaria.<\/p>\n<p style=\"text-align: justify\">En otro contexto, denunci\u00f3 la guerra de exterminio librada contra el pueblo palestino en la Franja de Gaza, as\u00ed como la flagrante agresi\u00f3n israel\u00ed contra el Consulado de Ir\u00e1n en la capital siria.<\/p>\n<p style=\"text-align: justify\">la<\/p>\n","protected":false},"excerpt":{"rendered":"<p>Damasco, 02 abr (SANA) El presidente de la Asamblea Popular, Hammouda Sabbagh, recibi\u00f3 este martes a Dikran Kevorkian, \u00a0embajador de la Rep\u00fablica de Armenia en Damasco. Durante la reuni\u00f3n, Sabbagh subray\u00f3 la importancia de potenciar la cooperaci\u00f3n y relaciones entre Siria y Armenia en los \u00e1mbitos parlamentarios y econ\u00f3micos. Se\u00f1al\u00f3 que la guerra terrorista librada &hellip;<\/p>\n","protected":false},"author":24,"featured_media":326153,"comment_status":"closed","ping_status":"closed","sticky":false,"template":"","format":"standard","meta":{"footnotes":""},"categories":[597,20724,467,7541],"tags":[],"class_list":["post-326150","post","type-post","status-publish","format-standard","has-post-thumbnail","","category-cinta-de-noticias","category-minuto-a-minuto","category-siria-y-el-mundo","category-ultimas-noticias"],"_links":{"self":[{"href":"https:\/\/archive.sana.sy\/es\/index.php?rest_route=\/wp\/v2\/posts\/326150"}],"collection":[{"href":"https:\/\/archive.sana.sy\/es\/index.php?rest_route=\/wp\/v2\/posts"}],"about":[{"href":"https:\/\/archive.sana.sy\/es\/index.php?rest_route=\/wp\/v2\/types\/post"}],"author":[{"embeddable":true,"href":"https:\/\/archive.sana.sy\/es\/index.php?rest_route=\/wp\/v2\/users\/24"}],"replies":[{"embeddable":true,"href":"https:\/\/archive.sana.sy\/es\/index.php?rest_route=%2Fwp%2Fv2%2Fcomments&post=326150"}],"version-history":[{"count":5,"href":"https:\/\/archive.sana.sy\/es\/index.php?rest_route=\/wp\/v2\/posts\/326150\/revisions"}],"predecessor-version":[{"id":326157,"href":"https:\/\/archive.sana.sy\/es\/index.php?rest_route=\/wp\/v2\/posts\/326150\/revisions\/326157"}],"wp:featuredmedia":[{"embeddable":true,"href":"https:\/\/archive.sana.sy\/es\/index.php?rest_route=\/wp\/v2\/media\/326153"}],"wp:attachment":[{"href":"https:\/\/archive.sana.sy\/es\/index.php?rest_route=%2Fwp%2Fv2%2Fmedia&parent=326150"}],"wp:term":[{"taxonomy":"category","embeddable":true,"href":"https:\/\/archive.sana.sy\/es\/index.php?rest_route=%2Fwp%2Fv2%2Fcategories&post=326150"},{"taxonomy":"post_tag","embeddable":true,"href":"https:\/\/archive.sana.sy\/es\/index.php?rest_route=%2Fwp%2Fv2%2Ftags&post=326150"}],"curies":[{"name":"wp","href":"https:\/\/api.w.org\/{rel}","templated":true}]}}