{"id":326158,"date":"2024-04-02T19:05:37","date_gmt":"2024-04-02T16:05:37","guid":{"rendered":"https:\/\/sana.sy\/es\/?p=326158"},"modified":"2024-04-02T19:05:37","modified_gmt":"2024-04-02T16:05:37","slug":"pakistan-y-belarus-expresan-energica-condena-a-la-agresion-israeli-contra-el-consulado-de-iran-en-damasco","status":"publish","type":"post","link":"https:\/\/archive.sana.sy\/es\/?p=326158","title":{"rendered":"Pakist\u00e1n y Belar\u00fas expresan en\u00e9rgica condena a la agresi\u00f3n israel\u00ed contra el consulado de Ir\u00e1n en Damasco"},"content":{"rendered":"<p style=\"text-align: justify\"><span style=\"color: #800000\"><strong>Capitales, 02 abr (SANA)<\/strong> <\/span>Pakist\u00e1n expres\u00f3 su en\u00e9rgica condena al ataque terrorista librado por \u201cIsrael\u201d contra el consulado iran\u00ed en la capital siria, Damasco.<\/p>\n<p style=\"text-align: justify\">&#8220;Este ataque constituye una violaci\u00f3n inaceptable de la soberan\u00eda de Siria y de todas las leyes internacionales e inmunidades diplom\u00e1ticas que exigen la protecci\u00f3n y preservaci\u00f3n de las misiones diplom\u00e1ticas y consulares&#8221;, destac\u00f3 un comunicado del Ministerio de Asuntos Exteriores de Pakist\u00e1n.<\/p>\n<p style=\"text-align: justify\">La Canciller\u00eda pakistan\u00ed advirti\u00f3 que esta actitud irresponsable por parte de \u201cIsrael\u201d no har\u00e1 m\u00e1s que escalar la situaci\u00f3n en la regi\u00f3n, y exigi\u00f3 al Consejo de Seguridad de la ONU que ponga fin a las aventuras de la entidad ocupante en Oriente Medio.<\/p>\n<p style=\"text-align: justify\">Asimismo, Belar\u00fas conden\u00f3 rotundamente la agresi\u00f3n contra el consulado iran\u00ed que pas\u00f3 por alto la Convenci\u00f3n de Viena.<\/p>\n<p style=\"text-align: justify\">\u201cEste precedente no s\u00f3lo es una violaci\u00f3n expresa del derecho internacional, sino que tambi\u00e9n socava los cimientos y el esp\u00edritu de las relaciones internacionales modernas y la seguridad regional e internacional\u201d, subray\u00f3 el portavoz del Ministerio de Asuntos Exteriores de Bielorrusia, Anatoly Glaz.<\/p>\n<p style=\"text-align: justify\">la<\/p>\n","protected":false},"excerpt":{"rendered":"<p>Capitales, 02 abr (SANA) Pakist\u00e1n expres\u00f3 su en\u00e9rgica condena al ataque terrorista librado por \u201cIsrael\u201d contra el consulado iran\u00ed en la capital siria, Damasco. &#8220;Este ataque constituye una violaci\u00f3n inaceptable de la soberan\u00eda de Siria y de todas las leyes internacionales e inmunidades diplom\u00e1ticas que exigen la protecci\u00f3n y preservaci\u00f3n de las misiones diplom\u00e1ticas y &hellip;<\/p>\n","protected":false},"author":24,"featured_media":326159,"comment_status":"closed","ping_status":"closed","sticky":false,"template":"","format":"standard","meta":{"footnotes":""},"categories":[597,456,16687,20724,7541],"tags":[],"class_list":["post-326158","post","type-post","status-publish","format-standard","has-post-thumbnail","","category-cinta-de-noticias","category-arabe-internacional-politica","category-internacionales","category-minuto-a-minuto","category-ultimas-noticias"],"_links":{"self":[{"href":"https:\/\/archive.sana.sy\/es\/index.php?rest_route=\/wp\/v2\/posts\/326158"}],"collection":[{"href":"https:\/\/archive.sana.sy\/es\/index.php?rest_route=\/wp\/v2\/posts"}],"about":[{"href":"https:\/\/archive.sana.sy\/es\/index.php?rest_route=\/wp\/v2\/types\/post"}],"author":[{"embeddable":true,"href":"https:\/\/archive.sana.sy\/es\/index.php?rest_route=\/wp\/v2\/users\/24"}],"replies":[{"embeddable":true,"href":"https:\/\/archive.sana.sy\/es\/index.php?rest_route=%2Fwp%2Fv2%2Fcomments&post=326158"}],"version-history":[{"count":1,"href":"https:\/\/archive.sana.sy\/es\/index.php?rest_route=\/wp\/v2\/posts\/326158\/revisions"}],"predecessor-version":[{"id":326160,"href":"https:\/\/archive.sana.sy\/es\/index.php?rest_route=\/wp\/v2\/posts\/326158\/revisions\/326160"}],"wp:featuredmedia":[{"embeddable":true,"href":"https:\/\/archive.sana.sy\/es\/index.php?rest_route=\/wp\/v2\/media\/326159"}],"wp:attachment":[{"href":"https:\/\/archive.sana.sy\/es\/index.php?rest_route=%2Fwp%2Fv2%2Fmedia&parent=326158"}],"wp:term":[{"taxonomy":"category","embeddable":true,"href":"https:\/\/archive.sana.sy\/es\/index.php?rest_route=%2Fwp%2Fv2%2Fcategories&post=326158"},{"taxonomy":"post_tag","embeddable":true,"href":"https:\/\/archive.sana.sy\/es\/index.php?rest_route=%2Fwp%2Fv2%2Ftags&post=326158"}],"curies":[{"name":"wp","href":"https:\/\/api.w.org\/{rel}","templated":true}]}}