{"id":326168,"date":"2024-04-02T20:09:00","date_gmt":"2024-04-02T17:09:00","guid":{"rendered":"https:\/\/sana.sy\/es\/?p=326168"},"modified":"2024-04-02T20:09:24","modified_gmt":"2024-04-02T17:09:24","slug":"guterres-condena-agresion-israeli-contra-consulado-irani-en-damasco-y-alerta-que-cualquier-error-de-calculo-podria-llevar-a-un-conflicto-mas-amplio","status":"publish","type":"post","link":"https:\/\/archive.sana.sy\/es\/?p=326168","title":{"rendered":"Guterres condena agresi\u00f3n israel\u00ed contra consulado iran\u00ed en capital siria"},"content":{"rendered":"<p style=\"text-align: justify\"><span style=\"color: #800000\"><strong>Naciones Unidas, 02 abr (SANA)<\/strong><\/span> El secretario general de las Naciones Unidas, Ant\u00f3nio Guterres, conden\u00f3 hoy el ataque al consulado iran\u00ed en Damasco y exigi\u00f3 a todas las partes involucradas a ejercer la m\u00e1xima autocontenci\u00f3n y evitar una escalada mayor.<\/p>\n<p style=\"text-align: justify\">\u201cEl secretario general condena el ataque a las instalaciones diplom\u00e1ticas de la Rep\u00fablica Isl\u00e1mica de Ir\u00e1n en Damasco el 1 de abril, as\u00ed como las v\u00edctimas reportadas. El secretario general reafirma que el principio de inviolabilidad de los locales y del personal diplom\u00e1tico y consular debe ser respetado en todos los casos de conformidad con el derecho internacional&#8221;, cit\u00f3 el portavoz de la ONU, Stephane Dujarri a Guterres.<\/p>\n<p style=\"text-align: justify\">Guterres advierte que cualquier error de c\u00e1lculo podr\u00eda llevar a un conflicto m\u00e1s amplio con consecuencias devastadoras para los civiles, se\u00f1al\u00f3 el vocero.<\/p>\n<p>&nbsp;<\/p>\n<p>la<\/p>\n<p>&nbsp;<\/p>\n","protected":false},"excerpt":{"rendered":"<p>Naciones Unidas, 02 abr (SANA) El secretario general de las Naciones Unidas, Ant\u00f3nio Guterres, conden\u00f3 hoy el ataque al consulado iran\u00ed en Damasco y exigi\u00f3 a todas las partes involucradas a ejercer la m\u00e1xima autocontenci\u00f3n y evitar una escalada mayor. \u201cEl secretario general condena el ataque a las instalaciones diplom\u00e1ticas de la Rep\u00fablica Isl\u00e1mica de &hellip;<\/p>\n","protected":false},"author":24,"featured_media":287298,"comment_status":"closed","ping_status":"closed","sticky":false,"template":"","format":"standard","meta":{"footnotes":""},"categories":[597,456,16687,20724,7541],"tags":[],"class_list":["post-326168","post","type-post","status-publish","format-standard","has-post-thumbnail","","category-cinta-de-noticias","category-arabe-internacional-politica","category-internacionales","category-minuto-a-minuto","category-ultimas-noticias"],"_links":{"self":[{"href":"https:\/\/archive.sana.sy\/es\/index.php?rest_route=\/wp\/v2\/posts\/326168"}],"collection":[{"href":"https:\/\/archive.sana.sy\/es\/index.php?rest_route=\/wp\/v2\/posts"}],"about":[{"href":"https:\/\/archive.sana.sy\/es\/index.php?rest_route=\/wp\/v2\/types\/post"}],"author":[{"embeddable":true,"href":"https:\/\/archive.sana.sy\/es\/index.php?rest_route=\/wp\/v2\/users\/24"}],"replies":[{"embeddable":true,"href":"https:\/\/archive.sana.sy\/es\/index.php?rest_route=%2Fwp%2Fv2%2Fcomments&post=326168"}],"version-history":[{"count":2,"href":"https:\/\/archive.sana.sy\/es\/index.php?rest_route=\/wp\/v2\/posts\/326168\/revisions"}],"predecessor-version":[{"id":326170,"href":"https:\/\/archive.sana.sy\/es\/index.php?rest_route=\/wp\/v2\/posts\/326168\/revisions\/326170"}],"wp:featuredmedia":[{"embeddable":true,"href":"https:\/\/archive.sana.sy\/es\/index.php?rest_route=\/wp\/v2\/media\/287298"}],"wp:attachment":[{"href":"https:\/\/archive.sana.sy\/es\/index.php?rest_route=%2Fwp%2Fv2%2Fmedia&parent=326168"}],"wp:term":[{"taxonomy":"category","embeddable":true,"href":"https:\/\/archive.sana.sy\/es\/index.php?rest_route=%2Fwp%2Fv2%2Fcategories&post=326168"},{"taxonomy":"post_tag","embeddable":true,"href":"https:\/\/archive.sana.sy\/es\/index.php?rest_route=%2Fwp%2Fv2%2Ftags&post=326168"}],"curies":[{"name":"wp","href":"https:\/\/api.w.org\/{rel}","templated":true}]}}