{"id":326171,"date":"2024-04-03T05:52:37","date_gmt":"2024-04-03T02:52:37","guid":{"rendered":"https:\/\/sana.sy\/es\/?p=326171"},"modified":"2024-04-03T05:57:33","modified_gmt":"2024-04-03T02:57:33","slug":"presidentes-de-siria-llama-a-su-homologo-irani-y-ofrece-consolencia-por-victimas-de-ataque-israeli","status":"publish","type":"post","link":"https:\/\/archive.sana.sy\/es\/?p=326171","title":{"rendered":"Presidentes de Siria llama a su hom\u00f3logo iran\u00ed y ofrece condolencias por v\u00edctimas de ataque israel\u00ed"},"content":{"rendered":"<p style=\"text-align: justify;\"><span style=\"color: #800000;\"><strong>Damasco, 3 abr (SANA)\u00a0<\/strong> <\/span>El presidente sirio Bashar Al-Assad, sostuvo una conversaci\u00f3n telef\u00f3nica con su hom\u00f3logo de la Rep\u00fablica Isl\u00e1mica de Ir\u00e1n, Ebrahim Raisi, a quien ofreci\u00f3 su m\u00e1s sentido p\u00e9same por la muerte de varios asesores militares iran\u00edes en el \u201cbrutal y sucio\u201d ataque israel\u00ed contra el consulado iran\u00ed en Damasco, ocurrido el pasado lunes.<\/p>\n<p style=\"text-align: justify;\">Al-Assad expres\u00f3 en nombre del pueblo sirio su m\u00e1s sentido p\u00e9same y sus sinceras condolencias a las familias de los m\u00e1rtires y al querido pueblo iran\u00ed.<\/p>\n<p style=\"text-align: justify;\">\u201cEl ataque sionista contra la sede de una misi\u00f3n diplom\u00e1tica en una zona repleta de civiles no es sorprendente, ya que esta entidad se construy\u00f3 sobre la base de asesinatos, derramamiento de sangre, desplazamientos y saqueos\u201d, afirm\u00f3.<\/p>\n<p style=\"text-align: justify;\">Consider\u00f3 que los genocidios y masacres que se cometen \u00a0en Gaza desde hace m\u00e1s de seis meses constituyen una prueba de la barbarie de Israel.<\/p>\n<p style=\"text-align: justify;\">fm<\/p>\n","protected":false},"excerpt":{"rendered":"<p>Damasco, 3 abr (SANA)\u00a0 El presidente sirio Bashar Al-Assad, sostuvo una conversaci\u00f3n telef\u00f3nica con su hom\u00f3logo de la Rep\u00fablica Isl\u00e1mica de Ir\u00e1n, Ebrahim Raisi, a quien ofreci\u00f3 su m\u00e1s sentido p\u00e9same por la muerte de varios asesores militares iran\u00edes en el \u201cbrutal y sucio\u201d ataque israel\u00ed contra el consulado iran\u00ed en Damasco, ocurrido el pasado &hellip;<\/p>\n","protected":false},"author":34,"featured_media":326172,"comment_status":"closed","ping_status":"closed","sticky":false,"template":"","format":"standard","meta":{"footnotes":""},"categories":[447,477,597,20724,476,16237,467,583],"tags":[],"class_list":["post-326171","post","type-post","status-publish","format-standard","has-post-thumbnail","","category-local-politica","category-noticias-edulcorantes","category-cinta-de-noticias","category-minuto-a-minuto","category-locales","category-presidence-de-la-republique-arabe-syria","category-siria-y-el-mundo","category-slide"],"_links":{"self":[{"href":"https:\/\/archive.sana.sy\/es\/index.php?rest_route=\/wp\/v2\/posts\/326171"}],"collection":[{"href":"https:\/\/archive.sana.sy\/es\/index.php?rest_route=\/wp\/v2\/posts"}],"about":[{"href":"https:\/\/archive.sana.sy\/es\/index.php?rest_route=\/wp\/v2\/types\/post"}],"author":[{"embeddable":true,"href":"https:\/\/archive.sana.sy\/es\/index.php?rest_route=\/wp\/v2\/users\/34"}],"replies":[{"embeddable":true,"href":"https:\/\/archive.sana.sy\/es\/index.php?rest_route=%2Fwp%2Fv2%2Fcomments&post=326171"}],"version-history":[{"count":2,"href":"https:\/\/archive.sana.sy\/es\/index.php?rest_route=\/wp\/v2\/posts\/326171\/revisions"}],"predecessor-version":[{"id":326174,"href":"https:\/\/archive.sana.sy\/es\/index.php?rest_route=\/wp\/v2\/posts\/326171\/revisions\/326174"}],"wp:featuredmedia":[{"embeddable":true,"href":"https:\/\/archive.sana.sy\/es\/index.php?rest_route=\/wp\/v2\/media\/326172"}],"wp:attachment":[{"href":"https:\/\/archive.sana.sy\/es\/index.php?rest_route=%2Fwp%2Fv2%2Fmedia&parent=326171"}],"wp:term":[{"taxonomy":"category","embeddable":true,"href":"https:\/\/archive.sana.sy\/es\/index.php?rest_route=%2Fwp%2Fv2%2Fcategories&post=326171"},{"taxonomy":"post_tag","embeddable":true,"href":"https:\/\/archive.sana.sy\/es\/index.php?rest_route=%2Fwp%2Fv2%2Ftags&post=326171"}],"curies":[{"name":"wp","href":"https:\/\/api.w.org\/{rel}","templated":true}]}}