{"id":326175,"date":"2024-04-03T06:19:57","date_gmt":"2024-04-03T03:19:57","guid":{"rendered":"https:\/\/sana.sy\/es\/?p=326175"},"modified":"2024-04-03T07:13:57","modified_gmt":"2024-04-03T04:13:57","slug":"revelan-cifra-de-sirios-muertos-en-el-ataque-israeli-al-consulado-irani-en-damasco","status":"publish","type":"post","link":"https:\/\/archive.sana.sy\/es\/?p=326175","title":{"rendered":"Revelan cifra de sirios muertos en el ataque israel\u00ed al consulado iran\u00ed en Damasco"},"content":{"rendered":"<p style=\"text-align: justify;\"><span style=\"color: #800000;\"><strong>Damasco, 3 abr (SANA) \u00a0<\/strong><\/span>El Ministerio de Salud ofreci\u00f3 hoy detalles sobre el n\u00famero de sirios v\u00edctimas de la agresi\u00f3n israel\u00ed ocurrida el lunes \u00faltimo contra el consulado iran\u00ed.<\/p>\n<p style=\"text-align: justify;\">El ministro del ramo Hassan Al-Ghabash, declar\u00f3 a SANA que el n\u00famero de ciudadanos sirios que perdieron la vida ascendi\u00f3 a 4 m\u00e1rtires mientras hubo 13 heridos en su mayor\u00eda se encuentran en estado grave y est\u00e1n bajo tratamiento.<\/p>\n<p style=\"text-align: justify;\">Asegur\u00f3 que inmediatamente despu\u00e9s de la agresi\u00f3n, los servicios de emergencia m\u00e9dica movilizaron 5 ambulancias para brindar servicios de salvamento en el lugar del ataque.<\/p>\n<p style=\"text-align: justify;\">fm<\/p>\n","protected":false},"excerpt":{"rendered":"<p>Damasco, 3 abr (SANA) \u00a0El Ministerio de Salud ofreci\u00f3 hoy detalles sobre el n\u00famero de sirios v\u00edctimas de la agresi\u00f3n israel\u00ed ocurrida el lunes \u00faltimo contra el consulado iran\u00ed. El ministro del ramo Hassan Al-Ghabash, declar\u00f3 a SANA que el n\u00famero de ciudadanos sirios que perdieron la vida ascendi\u00f3 a 4 m\u00e1rtires mientras hubo 13 &hellip;<\/p>\n","protected":false},"author":34,"featured_media":326176,"comment_status":"closed","ping_status":"closed","sticky":false,"template":"","format":"standard","meta":{"footnotes":""},"categories":[477,447,597,573,20724,476,583],"tags":[],"class_list":["post-326175","post","type-post","status-publish","format-standard","has-post-thumbnail","","category-noticias-edulcorantes","category-local-politica","category-cinta-de-noticias","category-la-realidad-de-los-acontecimientos-en-siria","category-minuto-a-minuto","category-locales","category-slide"],"_links":{"self":[{"href":"https:\/\/archive.sana.sy\/es\/index.php?rest_route=\/wp\/v2\/posts\/326175"}],"collection":[{"href":"https:\/\/archive.sana.sy\/es\/index.php?rest_route=\/wp\/v2\/posts"}],"about":[{"href":"https:\/\/archive.sana.sy\/es\/index.php?rest_route=\/wp\/v2\/types\/post"}],"author":[{"embeddable":true,"href":"https:\/\/archive.sana.sy\/es\/index.php?rest_route=\/wp\/v2\/users\/34"}],"replies":[{"embeddable":true,"href":"https:\/\/archive.sana.sy\/es\/index.php?rest_route=%2Fwp%2Fv2%2Fcomments&post=326175"}],"version-history":[{"count":2,"href":"https:\/\/archive.sana.sy\/es\/index.php?rest_route=\/wp\/v2\/posts\/326175\/revisions"}],"predecessor-version":[{"id":326188,"href":"https:\/\/archive.sana.sy\/es\/index.php?rest_route=\/wp\/v2\/posts\/326175\/revisions\/326188"}],"wp:featuredmedia":[{"embeddable":true,"href":"https:\/\/archive.sana.sy\/es\/index.php?rest_route=\/wp\/v2\/media\/326176"}],"wp:attachment":[{"href":"https:\/\/archive.sana.sy\/es\/index.php?rest_route=%2Fwp%2Fv2%2Fmedia&parent=326175"}],"wp:term":[{"taxonomy":"category","embeddable":true,"href":"https:\/\/archive.sana.sy\/es\/index.php?rest_route=%2Fwp%2Fv2%2Fcategories&post=326175"},{"taxonomy":"post_tag","embeddable":true,"href":"https:\/\/archive.sana.sy\/es\/index.php?rest_route=%2Fwp%2Fv2%2Ftags&post=326175"}],"curies":[{"name":"wp","href":"https:\/\/api.w.org\/{rel}","templated":true}]}}