{"id":326181,"date":"2024-04-03T06:59:09","date_gmt":"2024-04-03T03:59:09","guid":{"rendered":"https:\/\/sana.sy\/es\/?p=326181"},"modified":"2024-04-03T06:59:09","modified_gmt":"2024-04-03T03:59:09","slug":"atentado-terrorista-con-bomba-mata-a-directivo-de-una-empresa-militar-en-ciudad-de-hama","status":"publish","type":"post","link":"https:\/\/archive.sana.sy\/es\/?p=326181","title":{"rendered":"Atentado terrorista con bomba mata a directivo de una empresa militar en ciudad de Hama"},"content":{"rendered":"<p style=\"text-align: justify;\"><span style=\"color: #800000;\"><strong>Hama, 3 abr (SANA)\u00a0<\/strong> <\/span>El director de la sucursal de la Corporaci\u00f3n de Construcci\u00f3n Militar en la provincia de Hama, Baseel Abdul Qader, perdi\u00f3 la vida en un ataque terrorista con bomba que estall\u00f3 frente a su casa en el barrio Al-Qusour en la ciudad de Hama.<\/p>\n<p style=\"text-align: justify;\">El Comando de Polic\u00eda de Hama declar\u00f3 a SANA que un artefacto explosivo colocado por desconocidos en el autom\u00f3vil del directivo estall\u00f3, lo que provoc\u00f3 su muerte inmediata y la quema de todo el autom\u00f3vil.<\/p>\n<p style=\"text-align: justify;\">A\u00f1adi\u00f3 que las autoridades competentes han iniciado las investigaciones necesarias para revelar m\u00e1s detalles y llevar a los perpetradores del crimen ante la justicia.<\/p>\n<p style=\"text-align: justify;\">fm<\/p>\n","protected":false},"excerpt":{"rendered":"<p>Hama, 3 abr (SANA)\u00a0 El director de la sucursal de la Corporaci\u00f3n de Construcci\u00f3n Militar en la provincia de Hama, Baseel Abdul Qader, perdi\u00f3 la vida en un ataque terrorista con bomba que estall\u00f3 frente a su casa en el barrio Al-Qusour en la ciudad de Hama. El Comando de Polic\u00eda de Hama declar\u00f3 a &hellip;<\/p>\n","protected":false},"author":34,"featured_media":326182,"comment_status":"closed","ping_status":"closed","sticky":false,"template":"","format":"standard","meta":{"footnotes":""},"categories":[477,447,597,573,20724,476,7541],"tags":[],"class_list":["post-326181","post","type-post","status-publish","format-standard","has-post-thumbnail","","category-noticias-edulcorantes","category-local-politica","category-cinta-de-noticias","category-la-realidad-de-los-acontecimientos-en-siria","category-minuto-a-minuto","category-locales","category-ultimas-noticias"],"_links":{"self":[{"href":"https:\/\/archive.sana.sy\/es\/index.php?rest_route=\/wp\/v2\/posts\/326181"}],"collection":[{"href":"https:\/\/archive.sana.sy\/es\/index.php?rest_route=\/wp\/v2\/posts"}],"about":[{"href":"https:\/\/archive.sana.sy\/es\/index.php?rest_route=\/wp\/v2\/types\/post"}],"author":[{"embeddable":true,"href":"https:\/\/archive.sana.sy\/es\/index.php?rest_route=\/wp\/v2\/users\/34"}],"replies":[{"embeddable":true,"href":"https:\/\/archive.sana.sy\/es\/index.php?rest_route=%2Fwp%2Fv2%2Fcomments&post=326181"}],"version-history":[{"count":1,"href":"https:\/\/archive.sana.sy\/es\/index.php?rest_route=\/wp\/v2\/posts\/326181\/revisions"}],"predecessor-version":[{"id":326183,"href":"https:\/\/archive.sana.sy\/es\/index.php?rest_route=\/wp\/v2\/posts\/326181\/revisions\/326183"}],"wp:featuredmedia":[{"embeddable":true,"href":"https:\/\/archive.sana.sy\/es\/index.php?rest_route=\/wp\/v2\/media\/326182"}],"wp:attachment":[{"href":"https:\/\/archive.sana.sy\/es\/index.php?rest_route=%2Fwp%2Fv2%2Fmedia&parent=326181"}],"wp:term":[{"taxonomy":"category","embeddable":true,"href":"https:\/\/archive.sana.sy\/es\/index.php?rest_route=%2Fwp%2Fv2%2Fcategories&post=326181"},{"taxonomy":"post_tag","embeddable":true,"href":"https:\/\/archive.sana.sy\/es\/index.php?rest_route=%2Fwp%2Fv2%2Ftags&post=326181"}],"curies":[{"name":"wp","href":"https:\/\/api.w.org\/{rel}","templated":true}]}}