{"id":326184,"date":"2024-04-03T07:07:28","date_gmt":"2024-04-03T04:07:28","guid":{"rendered":"https:\/\/sana.sy\/es\/?p=326184"},"modified":"2024-04-03T07:13:42","modified_gmt":"2024-04-03T04:13:42","slug":"rusia-condena-en-el-csnu-los-ataques-israelies-contra-siria","status":"publish","type":"post","link":"https:\/\/archive.sana.sy\/es\/?p=326184","title":{"rendered":"Rusia condena en el CSNU los ataques israel\u00edes contra Siria"},"content":{"rendered":"<p style=\"text-align: justify;\"><span style=\"color: #800000;\"><strong>Nueva York, 3 abr (SANA)\u00a0<\/strong> <\/span>El representante permanente de Rusia ante las Naciones Unidas, Vassily Nebenzia, reiter\u00f3 la condena de su pa\u00eds a los ataques israel\u00edes contra territorio sirio, y consider\u00f3 que los mismos constituyen una flagrante violaci\u00f3n de la soberan\u00eda y la integridad territorial de Siria.<\/p>\n<p style=\"text-align: justify;\">\u201cRusia condena en\u00e9rgicamente los ataques israel\u00edes en territorio sirio y parte del hecho de que tales acciones agresivas son inaceptables y deben cesar ya que aumentar y alimentan el conflicto\u201d, dijo el delegado ruso durante una sesi\u00f3n del Consejo de Seguridad de la ONU dedicada a debatir la agresi\u00f3n israel\u00ed contra el edificio del consulado iran\u00ed en Damasco.<\/p>\n<p style=\"text-align: justify;\">Nebenzia llam\u00f3 a la comunidad internacional a condenar estos ataques israel\u00edes que violan la soberan\u00eda siria.<\/p>\n<p style=\"text-align: justify;\">fm<\/p>\n","protected":false},"excerpt":{"rendered":"<p>Nueva York, 3 abr (SANA)\u00a0 El representante permanente de Rusia ante las Naciones Unidas, Vassily Nebenzia, reiter\u00f3 la condena de su pa\u00eds a los ataques israel\u00edes contra territorio sirio, y consider\u00f3 que los mismos constituyen una flagrante violaci\u00f3n de la soberan\u00eda y la integridad territorial de Siria. \u201cRusia condena en\u00e9rgicamente los ataques israel\u00edes en territorio &hellip;<\/p>\n","protected":false},"author":34,"featured_media":326185,"comment_status":"closed","ping_status":"closed","sticky":false,"template":"","format":"standard","meta":{"footnotes":""},"categories":[597,20724,467,7541],"tags":[],"class_list":["post-326184","post","type-post","status-publish","format-standard","has-post-thumbnail","","category-cinta-de-noticias","category-minuto-a-minuto","category-siria-y-el-mundo","category-ultimas-noticias"],"_links":{"self":[{"href":"https:\/\/archive.sana.sy\/es\/index.php?rest_route=\/wp\/v2\/posts\/326184"}],"collection":[{"href":"https:\/\/archive.sana.sy\/es\/index.php?rest_route=\/wp\/v2\/posts"}],"about":[{"href":"https:\/\/archive.sana.sy\/es\/index.php?rest_route=\/wp\/v2\/types\/post"}],"author":[{"embeddable":true,"href":"https:\/\/archive.sana.sy\/es\/index.php?rest_route=\/wp\/v2\/users\/34"}],"replies":[{"embeddable":true,"href":"https:\/\/archive.sana.sy\/es\/index.php?rest_route=%2Fwp%2Fv2%2Fcomments&post=326184"}],"version-history":[{"count":2,"href":"https:\/\/archive.sana.sy\/es\/index.php?rest_route=\/wp\/v2\/posts\/326184\/revisions"}],"predecessor-version":[{"id":326187,"href":"https:\/\/archive.sana.sy\/es\/index.php?rest_route=\/wp\/v2\/posts\/326184\/revisions\/326187"}],"wp:featuredmedia":[{"embeddable":true,"href":"https:\/\/archive.sana.sy\/es\/index.php?rest_route=\/wp\/v2\/media\/326185"}],"wp:attachment":[{"href":"https:\/\/archive.sana.sy\/es\/index.php?rest_route=%2Fwp%2Fv2%2Fmedia&parent=326184"}],"wp:term":[{"taxonomy":"category","embeddable":true,"href":"https:\/\/archive.sana.sy\/es\/index.php?rest_route=%2Fwp%2Fv2%2Fcategories&post=326184"},{"taxonomy":"post_tag","embeddable":true,"href":"https:\/\/archive.sana.sy\/es\/index.php?rest_route=%2Fwp%2Fv2%2Ftags&post=326184"}],"curies":[{"name":"wp","href":"https:\/\/api.w.org\/{rel}","templated":true}]}}