{"id":326196,"date":"2024-04-03T12:24:28","date_gmt":"2024-04-03T09:24:28","guid":{"rendered":"https:\/\/sana.sy\/es\/?p=326196"},"modified":"2024-04-03T12:25:08","modified_gmt":"2024-04-03T09:25:08","slug":"el-atentado-en-el-crocus-city-hall-lleva-las-huellas-de-los-servicios-especiales-de-ucrania-afirma-moscu","status":"publish","type":"post","link":"https:\/\/archive.sana.sy\/es\/?p=326196","title":{"rendered":"El atentado en el Crocus City Hall lleva las huellas de los servicios especiales de Ucrania, afirma Mosc\u00fa"},"content":{"rendered":"<blockquote>\n<p style=\"text-align: justify;\"><span style=\"color: #800000;\"><strong>El secretario del Consejo de Seguridad ruso, Nikol\u00e1i P\u00e1trushev, subray\u00f3 que, aunque Occidente intenta convencer a todo el mundo de que detr\u00e1s del atentado est\u00e1 el Daesh, y no Ucrania, es mucho m\u00e1s importante establecer r\u00e1pidamente qui\u00e9n lo orden\u00f3.<\/strong><\/span><\/p>\n<\/blockquote>\n<p style=\"text-align: justify;\"><span style=\"color: #800000;\"><strong>Mosc\u00fa, 3 abr (SANA)\u00a0<\/strong> <\/span>El secretario del Consejo de Seguridad ruso, Nikol\u00e1i P\u00e1trushev, destac\u00f3 hoy que Kiev recurre a m\u00e9todos terroristas porque sufre fracasos en el campo de batalla.<\/p>\n<p style=\"text-align: justify;\">Apunt\u00f3 a la huella de los servicios especiales de Ucrania en el atentado en el Crocus City Hall.<\/p>\n<p style=\"text-align: justify;\">Sobre el supuesto papel del grupo terrorista Estado Isl\u00e1mico, Daesh en \u00e1rabe, en el atentado terrorista del Crocus City Hall, P\u00e1trushev dijo que hay que tener en cuenta que esta y otras organizaciones terroristas fueron creadas por EEUU.<\/p>\n<p style=\"text-align: justify;\">Subray\u00f3 que, aunque Occidente intenta convencer a todo el mundo de que detr\u00e1s del atentado est\u00e1 el Daesh, y no Ucrania, es mucho m\u00e1s importante establecer r\u00e1pidamente qui\u00e9n lo orden\u00f3.<\/p>\n<p style=\"text-align: justify;\">Seg\u00fan los \u00faltimos datos, seis ni\u00f1os murieron en el atentado terrorista de Crocus City Hall, del total de 144 v\u00edctimas mortales mientras 551 personas resultaron heridas.<\/p>\n<p style=\"text-align: justify;\"><strong>fm\/ws<\/strong><\/p>\n","protected":false},"excerpt":{"rendered":"<p>El secretario del Consejo de Seguridad ruso, Nikol\u00e1i P\u00e1trushev, subray\u00f3 que, aunque Occidente intenta convencer a todo el mundo de que detr\u00e1s del atentado est\u00e1 el Daesh, y no Ucrania, es mucho m\u00e1s importante establecer r\u00e1pidamente qui\u00e9n lo orden\u00f3. Mosc\u00fa, 3 abr (SANA)\u00a0 El secretario del Consejo de Seguridad ruso, Nikol\u00e1i P\u00e1trushev, destac\u00f3 hoy que &hellip;<\/p>\n","protected":false},"author":35,"featured_media":326197,"comment_status":"closed","ping_status":"closed","sticky":false,"template":"","format":"standard","meta":{"footnotes":""},"categories":[597,456,16687,20724,7541],"tags":[],"class_list":["post-326196","post","type-post","status-publish","format-standard","has-post-thumbnail","","category-cinta-de-noticias","category-arabe-internacional-politica","category-internacionales","category-minuto-a-minuto","category-ultimas-noticias"],"_links":{"self":[{"href":"https:\/\/archive.sana.sy\/es\/index.php?rest_route=\/wp\/v2\/posts\/326196"}],"collection":[{"href":"https:\/\/archive.sana.sy\/es\/index.php?rest_route=\/wp\/v2\/posts"}],"about":[{"href":"https:\/\/archive.sana.sy\/es\/index.php?rest_route=\/wp\/v2\/types\/post"}],"author":[{"embeddable":true,"href":"https:\/\/archive.sana.sy\/es\/index.php?rest_route=\/wp\/v2\/users\/35"}],"replies":[{"embeddable":true,"href":"https:\/\/archive.sana.sy\/es\/index.php?rest_route=%2Fwp%2Fv2%2Fcomments&post=326196"}],"version-history":[{"count":2,"href":"https:\/\/archive.sana.sy\/es\/index.php?rest_route=\/wp\/v2\/posts\/326196\/revisions"}],"predecessor-version":[{"id":326199,"href":"https:\/\/archive.sana.sy\/es\/index.php?rest_route=\/wp\/v2\/posts\/326196\/revisions\/326199"}],"wp:featuredmedia":[{"embeddable":true,"href":"https:\/\/archive.sana.sy\/es\/index.php?rest_route=\/wp\/v2\/media\/326197"}],"wp:attachment":[{"href":"https:\/\/archive.sana.sy\/es\/index.php?rest_route=%2Fwp%2Fv2%2Fmedia&parent=326196"}],"wp:term":[{"taxonomy":"category","embeddable":true,"href":"https:\/\/archive.sana.sy\/es\/index.php?rest_route=%2Fwp%2Fv2%2Fcategories&post=326196"},{"taxonomy":"post_tag","embeddable":true,"href":"https:\/\/archive.sana.sy\/es\/index.php?rest_route=%2Fwp%2Fv2%2Ftags&post=326196"}],"curies":[{"name":"wp","href":"https:\/\/api.w.org\/{rel}","templated":true}]}}