{"id":326200,"date":"2024-04-03T14:36:47","date_gmt":"2024-04-03T11:36:47","guid":{"rendered":"https:\/\/sana.sy\/es\/?p=326200"},"modified":"2024-04-03T14:37:08","modified_gmt":"2024-04-03T11:37:08","slug":"shahira-falouh-la-madre-siria-de-todos-los-huerfanos-sirios","status":"publish","type":"post","link":"https:\/\/archive.sana.sy\/es\/?p=326200","title":{"rendered":"Shahira Falouh, la madre siria de todos los hu\u00e9rfanos sirios"},"content":{"rendered":"<blockquote>\n<p style=\"text-align: justify;\"><span style=\"color: #800000;\">No pudo tener hijos, pero con su gran coraz\u00f3n y sus nobles sentimientos logr\u00f3 ser la madre de los hijos de los m\u00e1rtires en Siria. Se trata de Shahira Falouh, quien estuvo a la altura de la responsabilidad que le confi\u00f3 el expresidente Hafez Al-Assad cuando la nombr\u00f3 para supervisar las escuelas de los hijos de m\u00e1rtires en Siria.<\/span><\/p>\n<\/blockquote>\n<p style=\"text-align: justify;\"><span style=\"color: #800000;\"><strong>Damasco, 3 abr (SANA)<\/strong>\u00a0 \u00a0<\/span>No pudo tener hijos, pero con su gran coraz\u00f3n y sus nobles sentimientos logr\u00f3 ser la madre de los hijos de los m\u00e1rtires en Siria. Se trata de Shahira Falouh, quien estuvo a la altura de la responsabilidad que le confi\u00f3 el expresidente Hafez Al-Assad cuando la nombr\u00f3 para supervisar las escuelas de los hijos de m\u00e1rtires en Siria.<br \/>\n<img loading=\"lazy\" decoding=\"async\" class=\"size-medium wp-image-326203 alignright\" src=\"http:\/\/sana.sy\/es\/wp-content\/uploads\/2024\/04\/photo_2024-04-03_14-32-53-300x179.jpg\" alt=\"\" width=\"300\" height=\"179\" srcset=\"https:\/\/archive.sana.sy\/es\/wp-content\/uploads\/2024\/04\/photo_2024-04-03_14-32-53-300x179.jpg 300w, https:\/\/archive.sana.sy\/es\/wp-content\/uploads\/2024\/04\/photo_2024-04-03_14-32-53-1024x611.jpg 1024w, https:\/\/archive.sana.sy\/es\/wp-content\/uploads\/2024\/04\/photo_2024-04-03_14-32-53-150x90.jpg 150w, https:\/\/archive.sana.sy\/es\/wp-content\/uploads\/2024\/04\/photo_2024-04-03_14-32-53-768x458.jpg 768w, https:\/\/archive.sana.sy\/es\/wp-content\/uploads\/2024\/04\/photo_2024-04-03_14-32-53.jpg 1200w\" sizes=\"(max-width: 300px) 100vw, 300px\" \/><br \/>\n\u201cUna mujer con tremendo prestigio e historial\u201d, as\u00ed la describi\u00f3 Hafez Al-Assad ya que Falouh dispone de una carrera profesional llena de amor, devoci\u00f3n y lealtad, para luego ser nombrada como Directora General de Escuelas para Hijos de M\u00e1rtires en 1981.<\/p>\n<p style=\"text-align: justify;\">Naci\u00f3 en el pueblo de Basir, en la provincia sure\u00f1a de Deraa; luego se mud\u00f3 con su familia a Jordania, donde pas\u00f3 su infancia. Estudi\u00f3 en la Escuela de las Hermanas de Nazaret en la capital Am\u00e1n, y luego se cas\u00f3 y regres\u00f3 a su pa\u00eds natal.<\/p>\n<p style=\"text-align: justify;\">Falouh encarn\u00f3 la mujer siria luchadora y culta, y fue un verdadero ejemplo del dicho \u201cal que le falta algo, lo da con un gran amor\u201d. Ella no pudo experimentar el sentimiento de maternidad con sus hijos biol\u00f3gicos, pero Dios le regal\u00f3 una fuerte emoci\u00f3n que era suficiente para amar a todos los hu\u00e9rfanos.<\/p>\n<p style=\"text-align: justify;\"><img loading=\"lazy\" decoding=\"async\" class=\"size-medium wp-image-326205 alignright\" src=\"http:\/\/sana.sy\/es\/wp-content\/uploads\/2024\/04\/photo_2024-04-03_14-25-55-300x169.jpg\" alt=\"\" width=\"300\" height=\"169\" srcset=\"https:\/\/archive.sana.sy\/es\/wp-content\/uploads\/2024\/04\/photo_2024-04-03_14-25-55-300x169.jpg 300w, https:\/\/archive.sana.sy\/es\/wp-content\/uploads\/2024\/04\/photo_2024-04-03_14-25-55-1024x576.jpg 1024w, https:\/\/archive.sana.sy\/es\/wp-content\/uploads\/2024\/04\/photo_2024-04-03_14-25-55-150x84.jpg 150w, https:\/\/archive.sana.sy\/es\/wp-content\/uploads\/2024\/04\/photo_2024-04-03_14-25-55-768x432.jpg 768w, https:\/\/archive.sana.sy\/es\/wp-content\/uploads\/2024\/04\/photo_2024-04-03_14-25-55.jpg 1280w\" sizes=\"(max-width: 300px) 100vw, 300px\" \/><strong>Una carrera llena de logros<\/strong><\/p>\n<p style=\"text-align: justify;\">Tras su regreso a Siria, se uni\u00f3 a la Uni\u00f3n de Mujeres en Latakia e hizo gran aporte a la realizaci\u00f3n de muchos cursos de alfabetizaci\u00f3n, taquigraf\u00eda y mecanograf\u00eda.<\/p>\n<p style=\"text-align: justify;\">Continu\u00f3 su carrera en la Uni\u00f3n de Mujeres despu\u00e9s de mudarse a Deraa y asumi\u00f3 la oficina administrativa de la Uni\u00f3n en 1974. Trabaj\u00f3 para establecer unidades de mujeres en la mayor\u00eda de las aldeas, adem\u00e1s de emprender muchos cursos de alfabetizaci\u00f3n, artesan\u00eda, entre otros.<\/p>\n<p style=\"text-align: justify;\">Se postul\u00f3 para ser diputada en la Asamblea del Pueblo y gan\u00f3 las elecciones de 1976.<\/p>\n<p style=\"text-align: justify;\"><strong>Un noble mensaje pese a la guerra<\/strong><\/p>\n<p style=\"text-align: justify;\">La guerra impuesta a Siria durante m\u00e1s de 13 a\u00f1os dej\u00f3 a muchos ni\u00f1os sirios sin padres y a veces sin madres, y puso a Falouh ante muchas tareas dif\u00edciles resultantes del creciente n\u00famero de hijos de m\u00e1rtires, adem\u00e1s de las sofocantes condiciones econ\u00f3micas del pa\u00eds, pero quien la eligi\u00f3 a ella sab\u00eda que ninguna mujer en el pa\u00eds podr\u00eda ser tan fuerte y exitosa como ella.<\/p>\n<p style=\"text-align: justify;\">Un d\u00eda antes del conflicto, un visitante extranjero le pregunt\u00f3 \u00bfCu\u00e1l es la necesidad de Siria de construir escuelas para hijos e hijas de m\u00e1rtires?, ella contest\u00f3 con confianza y calma lo mismo que dijo el l\u00edder fundador Hafez Al-Assad, \u201cestamos en un estado de confrontaci\u00f3n con el enemigo sionista y estas escuelas no se cerrar\u00e1n aunque quede un solo estudiante hu\u00e9rfano\u201d.<\/p>\n<p style=\"text-align: justify;\"><strong>Una dama que mereci\u00f3 ser condecorada<\/strong><\/p>\n<p style=\"text-align: justify;\"><img loading=\"lazy\" decoding=\"async\" class=\"size-medium wp-image-326204 alignright\" src=\"http:\/\/sana.sy\/es\/wp-content\/uploads\/2024\/04\/photo_2024-04-03_14-25-53-300x195.jpg\" alt=\"\" width=\"300\" height=\"195\" srcset=\"https:\/\/archive.sana.sy\/es\/wp-content\/uploads\/2024\/04\/photo_2024-04-03_14-25-53-300x195.jpg 300w, https:\/\/archive.sana.sy\/es\/wp-content\/uploads\/2024\/04\/photo_2024-04-03_14-25-53-1024x665.jpg 1024w, https:\/\/archive.sana.sy\/es\/wp-content\/uploads\/2024\/04\/photo_2024-04-03_14-25-53-150x97.jpg 150w, https:\/\/archive.sana.sy\/es\/wp-content\/uploads\/2024\/04\/photo_2024-04-03_14-25-53-768x499.jpg 768w, https:\/\/archive.sana.sy\/es\/wp-content\/uploads\/2024\/04\/photo_2024-04-03_14-25-53.jpg 1280w\" sizes=\"(max-width: 300px) 100vw, 300px\" \/>Cualquiera que visite en la actualidad la Escuela de Hijos de M\u00e1rtires, se da cuenta de la gran atenci\u00f3n prestada a estos centros en lo relativo a los medios docentes, recreativos y m\u00e9dicos; y no es de extra\u00f1ar que los egresados de estas Escuelas lleguen a ocupar en el futuro alto cargos en el Gobierno.<\/p>\n<p style=\"text-align: justify;\">En 2021, el presidente Bashar Al-Assad, otorg\u00f3 a Falouh la Medalla al M\u00e9rito Sirio de excelente grado en reconocimiento a su carrera nacional y sus grandes esfuerzos en el cuidado de los hijos e hijas de los m\u00e1rtires en los niveles humano, social y educativo.<\/p>\n<p style=\"text-align: justify;\"><strong>watfeh salloum\/fm<\/strong><\/p>\n","protected":false},"excerpt":{"rendered":"<p>No pudo tener hijos, pero con su gran coraz\u00f3n y sus nobles sentimientos logr\u00f3 ser la madre de los hijos de los m\u00e1rtires en Siria. Se trata de Shahira Falouh, quien estuvo a la altura de la responsabilidad que le confi\u00f3 el expresidente Hafez Al-Assad cuando la nombr\u00f3 para supervisar las escuelas de los hijos &hellip;<\/p>\n","protected":false},"author":35,"featured_media":326202,"comment_status":"closed","ping_status":"closed","sticky":false,"template":"","format":"standard","meta":{"footnotes":""},"categories":[597,510,19549,20724,583],"tags":[],"class_list":["post-326200","post","type-post","status-publish","format-standard","has-post-thumbnail","","category-cinta-de-noticias","category-arte-y-cultura","category-ellas","category-minuto-a-minuto","category-slide"],"_links":{"self":[{"href":"https:\/\/archive.sana.sy\/es\/index.php?rest_route=\/wp\/v2\/posts\/326200"}],"collection":[{"href":"https:\/\/archive.sana.sy\/es\/index.php?rest_route=\/wp\/v2\/posts"}],"about":[{"href":"https:\/\/archive.sana.sy\/es\/index.php?rest_route=\/wp\/v2\/types\/post"}],"author":[{"embeddable":true,"href":"https:\/\/archive.sana.sy\/es\/index.php?rest_route=\/wp\/v2\/users\/35"}],"replies":[{"embeddable":true,"href":"https:\/\/archive.sana.sy\/es\/index.php?rest_route=%2Fwp%2Fv2%2Fcomments&post=326200"}],"version-history":[{"count":2,"href":"https:\/\/archive.sana.sy\/es\/index.php?rest_route=\/wp\/v2\/posts\/326200\/revisions"}],"predecessor-version":[{"id":326207,"href":"https:\/\/archive.sana.sy\/es\/index.php?rest_route=\/wp\/v2\/posts\/326200\/revisions\/326207"}],"wp:featuredmedia":[{"embeddable":true,"href":"https:\/\/archive.sana.sy\/es\/index.php?rest_route=\/wp\/v2\/media\/326202"}],"wp:attachment":[{"href":"https:\/\/archive.sana.sy\/es\/index.php?rest_route=%2Fwp%2Fv2%2Fmedia&parent=326200"}],"wp:term":[{"taxonomy":"category","embeddable":true,"href":"https:\/\/archive.sana.sy\/es\/index.php?rest_route=%2Fwp%2Fv2%2Fcategories&post=326200"},{"taxonomy":"post_tag","embeddable":true,"href":"https:\/\/archive.sana.sy\/es\/index.php?rest_route=%2Fwp%2Fv2%2Ftags&post=326200"}],"curies":[{"name":"wp","href":"https:\/\/api.w.org\/{rel}","templated":true}]}}