{"id":326214,"date":"2024-04-03T16:13:04","date_gmt":"2024-04-03T13:13:04","guid":{"rendered":"https:\/\/sana.sy\/es\/?p=326214"},"modified":"2024-04-03T16:13:59","modified_gmt":"2024-04-03T13:13:59","slug":"ejercito-israeli-detiene-a-30-palestinos-en-varias-partes-de-cisjordania","status":"publish","type":"post","link":"https:\/\/archive.sana.sy\/es\/?p=326214","title":{"rendered":"Ej\u00e9rcito israel\u00ed detiene a 30 palestinos en varias partes de Cisjordania"},"content":{"rendered":"<p style=\"text-align: justify;\"><span style=\"color: #800000;\"><strong>Jerusal\u00e9n ocupada, 3 abr (SANA)\u00a0 \u00a0<\/strong><\/span>Las fuerzas de ocupaci\u00f3n israel\u00ed arrestaron a 30 palestinos en varias ciudades de Cisjordania.<\/p>\n<p style=\"text-align: justify;\">La agencia palestina de noticias Wafa inform\u00f3 que las tropas sionistas agredieron y arrestaron a 30 palestinos e irrumpieron en las ciudades de Jerusal\u00e9n, Ramallah, Hebr\u00f3n, Bel\u00e9n, Tubas, Jenin, Qalqilya y Jeric\u00f3.<\/p>\n<p style=\"text-align: justify;\">La autoridad y el Club de Asuntos de Prisioneros anunciaron que el n\u00famero de detenidos en Cisjordania desde el 7 de octubre pasado, super\u00f3 los siete mil 990 palestinos.<\/p>\n<p style=\"text-align: justify;\">ma\/fm<\/p>\n","protected":false},"excerpt":{"rendered":"<p>Jerusal\u00e9n ocupada, 3 abr (SANA)\u00a0 \u00a0Las fuerzas de ocupaci\u00f3n israel\u00ed arrestaron a 30 palestinos en varias ciudades de Cisjordania. La agencia palestina de noticias Wafa inform\u00f3 que las tropas sionistas agredieron y arrestaron a 30 palestinos e irrumpieron en las ciudades de Jerusal\u00e9n, Ramallah, Hebr\u00f3n, Bel\u00e9n, Tubas, Jenin, Qalqilya y Jeric\u00f3. La autoridad y el &hellip;<\/p>\n","protected":false},"author":34,"featured_media":326215,"comment_status":"closed","ping_status":"closed","sticky":false,"template":"","format":"standard","meta":{"footnotes":""},"categories":[597,456,20724,7541],"tags":[],"class_list":["post-326214","post","type-post","status-publish","format-standard","has-post-thumbnail","","category-cinta-de-noticias","category-arabe-internacional-politica","category-minuto-a-minuto","category-ultimas-noticias"],"_links":{"self":[{"href":"https:\/\/archive.sana.sy\/es\/index.php?rest_route=\/wp\/v2\/posts\/326214"}],"collection":[{"href":"https:\/\/archive.sana.sy\/es\/index.php?rest_route=\/wp\/v2\/posts"}],"about":[{"href":"https:\/\/archive.sana.sy\/es\/index.php?rest_route=\/wp\/v2\/types\/post"}],"author":[{"embeddable":true,"href":"https:\/\/archive.sana.sy\/es\/index.php?rest_route=\/wp\/v2\/users\/34"}],"replies":[{"embeddable":true,"href":"https:\/\/archive.sana.sy\/es\/index.php?rest_route=%2Fwp%2Fv2%2Fcomments&post=326214"}],"version-history":[{"count":2,"href":"https:\/\/archive.sana.sy\/es\/index.php?rest_route=\/wp\/v2\/posts\/326214\/revisions"}],"predecessor-version":[{"id":326217,"href":"https:\/\/archive.sana.sy\/es\/index.php?rest_route=\/wp\/v2\/posts\/326214\/revisions\/326217"}],"wp:featuredmedia":[{"embeddable":true,"href":"https:\/\/archive.sana.sy\/es\/index.php?rest_route=\/wp\/v2\/media\/326215"}],"wp:attachment":[{"href":"https:\/\/archive.sana.sy\/es\/index.php?rest_route=%2Fwp%2Fv2%2Fmedia&parent=326214"}],"wp:term":[{"taxonomy":"category","embeddable":true,"href":"https:\/\/archive.sana.sy\/es\/index.php?rest_route=%2Fwp%2Fv2%2Fcategories&post=326214"},{"taxonomy":"post_tag","embeddable":true,"href":"https:\/\/archive.sana.sy\/es\/index.php?rest_route=%2Fwp%2Fv2%2Ftags&post=326214"}],"curies":[{"name":"wp","href":"https:\/\/api.w.org\/{rel}","templated":true}]}}