{"id":32626,"date":"2015-11-01T15:19:12","date_gmt":"2015-11-01T13:19:12","guid":{"rendered":"http:\/\/sana.sy\/es\/?p=32626"},"modified":"2015-11-01T15:21:01","modified_gmt":"2015-11-01T13:21:01","slug":"abdullahian-destaca-que-ningun-pais-tiene-derecho-de-imponer-su-voluntad-sobre-el-pueblo-sirio","status":"publish","type":"post","link":"https:\/\/archive.sana.sy\/es\/?p=32626","title":{"rendered":"Abdullahian destaca que ning\u00fan pa\u00eds tiene derecho de imponer su voluntad sobre el pueblo sirio"},"content":{"rendered":"<p><span style=\"color: #800000\">Teher\u00e1n, SANA<\/span><\/p>\n<p>El vicecanciller iran\u00ed para Asuntos \u00c1rabes y Africanos, Hossein Amir Abdollahian, afirm\u00f3 que Ir\u00e1n no permiti\u00f3 durante las reuniones de Viena la adopci\u00f3n de ninguna resoluci\u00f3n en lugar del pueblo sirio, y se\u00f1al\u00f3 que el Encuentro Internacional de Viena sobre Siria no incluy\u00f3 ninguna transacci\u00f3n sobre su futuro pol\u00edtico.<\/p>\n<p>En una entrevista televisada, Abdollahian dijo: \u201chemos confirmado en la reuni\u00f3n de Viena nuestras posturas constantes y firmes acerca de Siria y nosotros no hemos permitido la toma de ninguna decisi\u00f3n en lugar del pueblo sirio que es quien debe decidir su futuro por si mismo\u201d.<\/p>\n<p>\u201cning\u00fan Estado, tanto sea Turqu\u00eda, EE.UU., Arabia Saudita o siquiera Ir\u00e1n puede expresar su punto de vista sobre el derecho del sirio\u201d agreg\u00f3 Abdollahian aludiendo a la participaci\u00f3n de Rusia, Irak, L\u00edbano y Om\u00e1n que dieron su aportaci\u00f3n a las reuniones de Viena.<\/p>\n<p>Abdollahian hizo alusi\u00f3n a la clara impotencia del canciller del r\u00e9gimen saudita, Adel Jubeir quien no abord\u00f3 en absoluto conceptos como los derechos del pueblo sirio y recurri\u00f3 a frases incorrectas e inadecuadas que recibieron fuertes reacciones por parte del ministro de Exteriores iran\u00ed, Javad Zarif.<\/p>\n<p>&nbsp;<\/p>\n<p>&nbsp;<\/p>\n<p>Riyad Sh., Lynn A.<\/p>\n","protected":false},"excerpt":{"rendered":"<p>Teher\u00e1n, SANA El vicecanciller iran\u00ed para Asuntos \u00c1rabes y Africanos, Hossein Amir Abdollahian, afirm\u00f3 que Ir\u00e1n no permiti\u00f3 durante las reuniones de Viena la adopci\u00f3n de ninguna resoluci\u00f3n en lugar del pueblo sirio, y se\u00f1al\u00f3 que el Encuentro Internacional de Viena sobre Siria no incluy\u00f3 ninguna transacci\u00f3n sobre su futuro pol\u00edtico. En una entrevista televisada, &hellip;<\/p>\n","protected":false},"author":24,"featured_media":12978,"comment_status":"closed","ping_status":"closed","sticky":false,"template":"","format":"standard","meta":{"footnotes":""},"categories":[597,456,457,576],"tags":[],"class_list":["post-32626","post","type-post","status-publish","format-standard","has-post-thumbnail","","category-cinta-de-noticias","category-arabe-internacional-politica","category-noticias-arabe-internacional-politica","category-noticias-politicas"],"_links":{"self":[{"href":"https:\/\/archive.sana.sy\/es\/index.php?rest_route=\/wp\/v2\/posts\/32626"}],"collection":[{"href":"https:\/\/archive.sana.sy\/es\/index.php?rest_route=\/wp\/v2\/posts"}],"about":[{"href":"https:\/\/archive.sana.sy\/es\/index.php?rest_route=\/wp\/v2\/types\/post"}],"author":[{"embeddable":true,"href":"https:\/\/archive.sana.sy\/es\/index.php?rest_route=\/wp\/v2\/users\/24"}],"replies":[{"embeddable":true,"href":"https:\/\/archive.sana.sy\/es\/index.php?rest_route=%2Fwp%2Fv2%2Fcomments&post=32626"}],"version-history":[{"count":0,"href":"https:\/\/archive.sana.sy\/es\/index.php?rest_route=\/wp\/v2\/posts\/32626\/revisions"}],"wp:featuredmedia":[{"embeddable":true,"href":"https:\/\/archive.sana.sy\/es\/index.php?rest_route=\/wp\/v2\/media\/12978"}],"wp:attachment":[{"href":"https:\/\/archive.sana.sy\/es\/index.php?rest_route=%2Fwp%2Fv2%2Fmedia&parent=32626"}],"wp:term":[{"taxonomy":"category","embeddable":true,"href":"https:\/\/archive.sana.sy\/es\/index.php?rest_route=%2Fwp%2Fv2%2Fcategories&post=32626"},{"taxonomy":"post_tag","embeddable":true,"href":"https:\/\/archive.sana.sy\/es\/index.php?rest_route=%2Fwp%2Fv2%2Ftags&post=32626"}],"curies":[{"name":"wp","href":"https:\/\/api.w.org\/{rel}","templated":true}]}}