{"id":326267,"date":"2024-04-04T11:28:23","date_gmt":"2024-04-04T08:28:23","guid":{"rendered":"https:\/\/sana.sy\/es\/?p=326267"},"modified":"2024-04-04T15:57:33","modified_gmt":"2024-04-04T12:57:33","slug":"siria-reinaugura-una-nueva-escuela-que-habia-sufrido-danos-por-el-terrorismo","status":"publish","type":"post","link":"https:\/\/archive.sana.sy\/es\/?p=326267","title":{"rendered":"Siria reinaugura una nueva escuela que hab\u00eda sufrido da\u00f1os por el terrorismo"},"content":{"rendered":"<p style=\"text-align: justify;\"><span style=\"color: #800000;\"><strong>Damasco, 4 mar (SANA)<\/strong><\/span> El ministro de Educaci\u00f3n, Muhammad Amer Al-Mardini, reinaugur\u00f3 la escuela de educaci\u00f3n b\u00e1sica \u201cAl-Hikma\u201d, en la ciudad de Daraya, al sudoeste de la capital Damasco.<\/p>\n<p style=\"text-align: justify;\">El centro escolar incluye 26 aulas, 13 salas administrativas y un laboratorio, con capacidad para 800 alumnas.<\/p>\n<p style=\"text-align: justify;\">Las escuela fue rehabilitada y reconstruida tras haber sufrido grandes daos a consecuencia de la guerra y de las acciones terroristas.<\/p>\n<p style=\"text-align: justify;\"><strong><em>Nota en desarrollo..<\/em><\/strong><\/p>\n<p>fm\/ed<\/p>\n","protected":false},"excerpt":{"rendered":"<p>Damasco, 4 mar (SANA) El ministro de Educaci\u00f3n, Muhammad Amer Al-Mardini, reinaugur\u00f3 la escuela de educaci\u00f3n b\u00e1sica \u201cAl-Hikma\u201d, en la ciudad de Daraya, al sudoeste de la capital Damasco. El centro escolar incluye 26 aulas, 13 salas administrativas y un laboratorio, con capacidad para 800 alumnas. Las escuela fue rehabilitada y reconstruida tras haber sufrido &hellip;<\/p>\n","protected":false},"author":32,"featured_media":326268,"comment_status":"closed","ping_status":"closed","sticky":false,"template":"","format":"standard","meta":{"footnotes":""},"categories":[477,597,20724,476,583],"tags":[],"class_list":["post-326267","post","type-post","status-publish","format-standard","has-post-thumbnail","","category-noticias-edulcorantes","category-cinta-de-noticias","category-minuto-a-minuto","category-locales","category-slide"],"_links":{"self":[{"href":"https:\/\/archive.sana.sy\/es\/index.php?rest_route=\/wp\/v2\/posts\/326267"}],"collection":[{"href":"https:\/\/archive.sana.sy\/es\/index.php?rest_route=\/wp\/v2\/posts"}],"about":[{"href":"https:\/\/archive.sana.sy\/es\/index.php?rest_route=\/wp\/v2\/types\/post"}],"author":[{"embeddable":true,"href":"https:\/\/archive.sana.sy\/es\/index.php?rest_route=\/wp\/v2\/users\/32"}],"replies":[{"embeddable":true,"href":"https:\/\/archive.sana.sy\/es\/index.php?rest_route=%2Fwp%2Fv2%2Fcomments&post=326267"}],"version-history":[{"count":1,"href":"https:\/\/archive.sana.sy\/es\/index.php?rest_route=\/wp\/v2\/posts\/326267\/revisions"}],"predecessor-version":[{"id":326269,"href":"https:\/\/archive.sana.sy\/es\/index.php?rest_route=\/wp\/v2\/posts\/326267\/revisions\/326269"}],"wp:featuredmedia":[{"embeddable":true,"href":"https:\/\/archive.sana.sy\/es\/index.php?rest_route=\/wp\/v2\/media\/326268"}],"wp:attachment":[{"href":"https:\/\/archive.sana.sy\/es\/index.php?rest_route=%2Fwp%2Fv2%2Fmedia&parent=326267"}],"wp:term":[{"taxonomy":"category","embeddable":true,"href":"https:\/\/archive.sana.sy\/es\/index.php?rest_route=%2Fwp%2Fv2%2Fcategories&post=326267"},{"taxonomy":"post_tag","embeddable":true,"href":"https:\/\/archive.sana.sy\/es\/index.php?rest_route=%2Fwp%2Fv2%2Ftags&post=326267"}],"curies":[{"name":"wp","href":"https:\/\/api.w.org\/{rel}","templated":true}]}}