{"id":32630,"date":"2015-11-01T20:50:24","date_gmt":"2015-11-01T18:50:24","guid":{"rendered":"http:\/\/sana.sy\/es\/?p=32630"},"modified":"2015-11-01T21:05:37","modified_gmt":"2015-11-01T19:05:37","slug":"al-moallem-recibe-a-de-mistura-y-debate-con-el-la-declaracion-final-de-la-reunion-de-viena","status":"publish","type":"post","link":"https:\/\/archive.sana.sy\/es\/?p=32630","title":{"rendered":"Al-Moallem recibe a De Mistura y debate con \u00e9l la declaraci\u00f3n final de la reuni\u00f3n de Viena"},"content":{"rendered":"<p><span style=\"color: #800000\">Damasco, SANA<\/span><\/p>\n<p>El canciller sirio, Walid al-Moallem recibi\u00f3 este domingo al enviado especial de la ONU, Staffan de Mistrura y la delegaci\u00f3n que lo acompa\u00f1aba.<\/p>\n<p>De Mistura hizo una panor\u00e1mica detallada sobre las reuniones que se desarrollaron en la fecha de 29-30 del pasado mes de octubre en Viena sobre la crisis en Siria, y los m\u00e1s importantes puntos que incluy\u00f3 la declaraci\u00f3n final emitida al t\u00e9rmino de estas reuniones.<\/p>\n<p>A su vez, el jefe de la diplomacia siria destac\u00f3 la importancia de varios puntos de la declaraci\u00f3n final, sin embargo expres\u00f3 su extra\u00f1ez, puesto que la misma no incluy\u00f3 una pauta que obliga a los pa\u00edses conocidos por su apoyo al terrorismo a aplicar las resoluciones del Consejo de Seguridad de la ONU relativas a la lucha antiterrorista, hecho que posibilite un debate eficaz de cualquier cese de fuego.<\/p>\n<p>Al-Moallem asegur\u00f3 que Siria seguir\u00e1 luchando contra el terrorismo, recalcando en la importancia de los esfuerzos de Rusia, Ir\u00e1n y la resistencia libanesa al respecto.<\/p>\n<p>\u201cCualquier esfuerzo antiterrorista que no se realice en coordinaci\u00f3n con el Gobierno sirio ser\u00eda una violaci\u00f3n de los principios de la Carta de la ONU, y una acci\u00f3n incompatible con la meta de la lucha contra el terrorismo\u201d, dijo al-Moallem.<\/p>\n<p>El Canciller sirio reiter\u00f3 la disposici\u00f3n de Siria de cooperar con De Mistura en materia de la lucha contra el terrorismo y el lanzamiento de un di\u00e1logo intersirio.<\/p>\n<p>La \u00faltima reuni\u00f3n entre al-Moallem y De Mistura tuvo efecto en el pasado mes de septiembre, durante la cual el Canciller sirio prioriz\u00f3 la lucha contra el terrorismo en Siria, siendo el acceso de la soluci\u00f3n pol\u00edtica en la misma.<\/p>\n<p>&nbsp;<\/p>\n<p>Lynn A., Riyad Sh.<\/p>\n","protected":false},"excerpt":{"rendered":"<p>Damasco, SANA El canciller sirio, Walid al-Moallem recibi\u00f3 este domingo al enviado especial de la ONU, Staffan de Mistrura y la delegaci\u00f3n que lo acompa\u00f1aba. De Mistura hizo una panor\u00e1mica detallada sobre las reuniones que se desarrollaron en la fecha de 29-30 del pasado mes de octubre en Viena sobre la crisis en Siria, y &hellip;<\/p>\n","protected":false},"author":24,"featured_media":32631,"comment_status":"closed","ping_status":"closed","sticky":false,"template":"","format":"standard","meta":{"footnotes":""},"categories":[477,597,476,576],"tags":[],"class_list":["post-32630","post","type-post","status-publish","format-standard","has-post-thumbnail","","category-noticias-edulcorantes","category-cinta-de-noticias","category-locales","category-noticias-politicas"],"_links":{"self":[{"href":"https:\/\/archive.sana.sy\/es\/index.php?rest_route=\/wp\/v2\/posts\/32630"}],"collection":[{"href":"https:\/\/archive.sana.sy\/es\/index.php?rest_route=\/wp\/v2\/posts"}],"about":[{"href":"https:\/\/archive.sana.sy\/es\/index.php?rest_route=\/wp\/v2\/types\/post"}],"author":[{"embeddable":true,"href":"https:\/\/archive.sana.sy\/es\/index.php?rest_route=\/wp\/v2\/users\/24"}],"replies":[{"embeddable":true,"href":"https:\/\/archive.sana.sy\/es\/index.php?rest_route=%2Fwp%2Fv2%2Fcomments&post=32630"}],"version-history":[{"count":0,"href":"https:\/\/archive.sana.sy\/es\/index.php?rest_route=\/wp\/v2\/posts\/32630\/revisions"}],"wp:featuredmedia":[{"embeddable":true,"href":"https:\/\/archive.sana.sy\/es\/index.php?rest_route=\/wp\/v2\/media\/32631"}],"wp:attachment":[{"href":"https:\/\/archive.sana.sy\/es\/index.php?rest_route=%2Fwp%2Fv2%2Fmedia&parent=32630"}],"wp:term":[{"taxonomy":"category","embeddable":true,"href":"https:\/\/archive.sana.sy\/es\/index.php?rest_route=%2Fwp%2Fv2%2Fcategories&post=32630"},{"taxonomy":"post_tag","embeddable":true,"href":"https:\/\/archive.sana.sy\/es\/index.php?rest_route=%2Fwp%2Fv2%2Ftags&post=32630"}],"curies":[{"name":"wp","href":"https:\/\/api.w.org\/{rel}","templated":true}]}}