{"id":326327,"date":"2024-04-05T12:13:44","date_gmt":"2024-04-05T09:13:44","guid":{"rendered":"https:\/\/sana.sy\/es\/?p=326327"},"modified":"2024-04-05T12:41:41","modified_gmt":"2024-04-05T09:41:41","slug":"organizacion-benefica-espanola-suspende-operaciones-humanitarias-en-gaza-tras-muerte-de-trabajadores-en-ataque-israeli","status":"publish","type":"post","link":"https:\/\/archive.sana.sy\/es\/?p=326327","title":{"rendered":"ONG espa\u00f1ola suspende operaciones en Gaza tras asesinato israel\u00ed a sus trabajadores"},"content":{"rendered":"<p style=\"text-align: justify;\">Barcelona, 5 abr (SANA)\u00a0La organizaci\u00f3n ben\u00e9fica espa\u00f1ola Open Arms, en colaboraci\u00f3n con la ONG World Central Kitchen, conden\u00f3 el ataque israel\u00ed contra un convoy de la organizaci\u00f3n en Gaza, que result\u00f3 en la muerte de siete de sus trabajadores, y anunci\u00f3la suspensi\u00f3n de sus operaciones humanitarias en la regi\u00f3n.<\/p>\n<p style=\"text-align: justify;\">Seg\u00fan inform\u00f3 la agencia France-Presse, el director de la ONG, \u00d3scar Campos, declar\u00f3 en un comunicado: &#8220;Lo que sucedi\u00f3 fue un acto de violencia incomprensible y lo condenamos&#8221;.<\/p>\n<p style=\"text-align: justify;\">Agreg\u00f3 que, tras la llegada del barco de Open Arms a Larnaca, Chipre, este mi\u00e9rcoles, se suspendieron sus operaciones con World Central Kitchen a trav\u00e9s del corredor humanitario a Gaza, a ra\u00edz del ataque mortal.<\/p>\n<p style=\"text-align: justify;\">La organizaci\u00f3n, que afirm\u00f3 haber transportado doscientas toneladas de alimentos y suministros a Gaza en marzo pasado, expres\u00f3 su pesar por la muerte de sus trabajadores y exigi\u00f3 respuestas y rendici\u00f3n de cuentas por este ataque inaceptable.<\/p>\n<p style=\"text-align: justify;\">El lunes pasado, las fuerzas de ocupaci\u00f3n israel\u00edes bombardearon un convoy de la organizaci\u00f3n &#8220;World Central Kitchen&#8221; en la ciudad de Deir al-Balah, en el centro de la Franja de Gaza, matando a siete personas de nacionalidades palestina, australiana, polaca, brit\u00e1nica, estadounidense y canadiense.<\/p>\n<p style=\"text-align: justify;\">El fundador de World Central Kitchen, Jos\u00e9 Andr\u00e9s confirm\u00f3 este jueves que las fuerzas de ocupaci\u00f3n israel\u00edes no mataron a los trabajadores de la organizaci\u00f3n en Gaza por accidente, sino de forma deliberada.<\/p>\n<p style=\"text-align: justify;\">Explic\u00f3 que atacaron veh\u00edculo tras veh\u00edculo mientras el equipo intentaba salvar sus vidas.<\/p>\n<p style=\"text-align: justify;\">Andr\u00e9s asegur\u00f3 que &#8220;Israel&#8221; atac\u00f3al equipo humanitario en una zona de reducci\u00f3n de conflictos bajo su control, sabiendo que los equipos de rescate se mov\u00edan por all\u00ed.<\/p>\n<p style=\"text-align: justify;\"><em><strong>ah<\/strong><\/em><\/p>\n","protected":false},"excerpt":{"rendered":"<p>Barcelona, 5 abr (SANA)\u00a0La organizaci\u00f3n ben\u00e9fica espa\u00f1ola Open Arms, en colaboraci\u00f3n con la ONG World Central Kitchen, conden\u00f3 el ataque israel\u00ed contra un convoy de la organizaci\u00f3n en Gaza, que result\u00f3 en la muerte de siete de sus trabajadores, y anunci\u00f3la suspensi\u00f3n de sus operaciones humanitarias en la regi\u00f3n. Seg\u00fan inform\u00f3 la agencia France-Presse, el &hellip;<\/p>\n","protected":false},"author":30,"featured_media":326338,"comment_status":"closed","ping_status":"closed","sticky":false,"template":"","format":"standard","meta":{"footnotes":""},"categories":[597,456,20724,7541],"tags":[],"class_list":["post-326327","post","type-post","status-publish","format-standard","has-post-thumbnail","","category-cinta-de-noticias","category-arabe-internacional-politica","category-minuto-a-minuto","category-ultimas-noticias"],"_links":{"self":[{"href":"https:\/\/archive.sana.sy\/es\/index.php?rest_route=\/wp\/v2\/posts\/326327"}],"collection":[{"href":"https:\/\/archive.sana.sy\/es\/index.php?rest_route=\/wp\/v2\/posts"}],"about":[{"href":"https:\/\/archive.sana.sy\/es\/index.php?rest_route=\/wp\/v2\/types\/post"}],"author":[{"embeddable":true,"href":"https:\/\/archive.sana.sy\/es\/index.php?rest_route=\/wp\/v2\/users\/30"}],"replies":[{"embeddable":true,"href":"https:\/\/archive.sana.sy\/es\/index.php?rest_route=%2Fwp%2Fv2%2Fcomments&post=326327"}],"version-history":[{"count":3,"href":"https:\/\/archive.sana.sy\/es\/index.php?rest_route=\/wp\/v2\/posts\/326327\/revisions"}],"predecessor-version":[{"id":326348,"href":"https:\/\/archive.sana.sy\/es\/index.php?rest_route=\/wp\/v2\/posts\/326327\/revisions\/326348"}],"wp:featuredmedia":[{"embeddable":true,"href":"https:\/\/archive.sana.sy\/es\/index.php?rest_route=\/wp\/v2\/media\/326338"}],"wp:attachment":[{"href":"https:\/\/archive.sana.sy\/es\/index.php?rest_route=%2Fwp%2Fv2%2Fmedia&parent=326327"}],"wp:term":[{"taxonomy":"category","embeddable":true,"href":"https:\/\/archive.sana.sy\/es\/index.php?rest_route=%2Fwp%2Fv2%2Fcategories&post=326327"},{"taxonomy":"post_tag","embeddable":true,"href":"https:\/\/archive.sana.sy\/es\/index.php?rest_route=%2Fwp%2Fv2%2Ftags&post=326327"}],"curies":[{"name":"wp","href":"https:\/\/api.w.org\/{rel}","templated":true}]}}