{"id":326342,"date":"2024-04-05T12:22:35","date_gmt":"2024-04-05T09:22:35","guid":{"rendered":"https:\/\/sana.sy\/es\/?p=326342"},"modified":"2024-04-05T20:19:18","modified_gmt":"2024-04-05T17:19:18","slug":"celebran-en-damasco-dia-internacional-de-jerusalen-fotos","status":"publish","type":"post","link":"https:\/\/archive.sana.sy\/es\/?p=326342","title":{"rendered":"Celebran en Damasco D\u00eda Internacional de Jerusal\u00e9n (+fotos)"},"content":{"rendered":"<p style=\"text-align: justify;\"><span style=\"color: #800000;\"><strong>Damasco, 5 abr (SANA)<\/strong> <\/span>En conmemoraci\u00f3n del D\u00eda Internacional de Jerusal\u00e9n, la Comisi\u00f3n Permanente para el D\u00eda Internacional de Jerusal\u00e9n organiz\u00f3 este viernes un evento titulado &#8220;Diluvio de los Liberes&#8221; en el campamento de refugiados palestinos de Al-Yarmouk en Damasco.<\/p>\n<p style=\"text-align: justify;\">El evento incluy\u00f3 una presentaci\u00f3n ofrecida por residentes de los campamentos de refugiados palestinos en Siria y un festival con una amplia participaci\u00f3n popular.<\/p>\n<p style=\"text-align: justify;\">Asimismo, participaron en el evento figuras oficiales, l\u00edderes de partidos y grupos de resistencia palestinas, fuerzas \u00e1rabes e isl\u00e1micas, l\u00edderes religiosos y representantes de misiones diplom\u00e1ticas acreditadas en Damasco.<\/p>\n<p style=\"text-align: justify;\">El D\u00eda Mundial de Al-Quds, que se celebra el \u00faltimo viernes del mes sagrado de Ramad\u00e1n, fue establecido por el fundador de la Rep\u00fablica Isl\u00e1mica de Ir\u00e1n, el Ayatol\u00e1 Ruhollah Jomeini, en 1979 y se ha convertido en una ocasi\u00f3n anual para que los musulmanes y simpatizantes de la causa palestina en todo el mundo se unan en solidaridad y protesta contra la ocupaci\u00f3n israel\u00ed.<\/p>\n<p style=\"text-align: justify;\"><em><strong>ah\/fm\/sm<\/strong><\/em><\/p>\n<div id='gallery-1' class='gallery galleryid-326342 gallery-columns-1 gallery-size-full'><figure class='gallery-item'>\n\t\t\t<div class='gallery-icon landscape'>\n\t\t\t\t<a href='https:\/\/archive.sana.sy\/es\/wp-content\/uploads\/2024\/04\/3-5-300x196-1.jpg'><img loading=\"lazy\" decoding=\"async\" width=\"300\" height=\"196\" src=\"https:\/\/archive.sana.sy\/es\/wp-content\/uploads\/2024\/04\/3-5-300x196-1.jpg\" class=\"attachment-full size-full\" alt=\"\" srcset=\"https:\/\/archive.sana.sy\/es\/wp-content\/uploads\/2024\/04\/3-5-300x196-1.jpg 300w, https:\/\/archive.sana.sy\/es\/wp-content\/uploads\/2024\/04\/3-5-300x196-1-150x98.jpg 150w\" sizes=\"(max-width: 300px) 100vw, 300px\" \/><\/a>\n\t\t\t<\/div><\/figure><figure class='gallery-item'>\n\t\t\t<div class='gallery-icon landscape'>\n\t\t\t\t<a href='https:\/\/archive.sana.sy\/es\/wp-content\/uploads\/2024\/04\/2-5-300x163-1.jpg'><img loading=\"lazy\" decoding=\"async\" width=\"300\" height=\"163\" src=\"https:\/\/archive.sana.sy\/es\/wp-content\/uploads\/2024\/04\/2-5-300x163-1.jpg\" class=\"attachment-full size-full\" alt=\"\" srcset=\"https:\/\/archive.sana.sy\/es\/wp-content\/uploads\/2024\/04\/2-5-300x163-1.jpg 300w, https:\/\/archive.sana.sy\/es\/wp-content\/uploads\/2024\/04\/2-5-300x163-1-150x82.jpg 150w\" sizes=\"(max-width: 300px) 100vw, 300px\" \/><\/a>\n\t\t\t<\/div><\/figure>\n\t\t<\/div>\n\n","protected":false},"excerpt":{"rendered":"<p>Damasco, 5 abr (SANA) En conmemoraci\u00f3n del D\u00eda Internacional de Jerusal\u00e9n, la Comisi\u00f3n Permanente para el D\u00eda Internacional de Jerusal\u00e9n organiz\u00f3 este viernes un evento titulado &#8220;Diluvio de los Liberes&#8221; en el campamento de refugiados palestinos de Al-Yarmouk en Damasco. El evento incluy\u00f3 una presentaci\u00f3n ofrecida por residentes de los campamentos de refugiados palestinos en &hellip;<\/p>\n","protected":false},"author":30,"featured_media":326343,"comment_status":"closed","ping_status":"closed","sticky":false,"template":"","format":"standard","meta":{"footnotes":""},"categories":[597,20724,476,583],"tags":[],"class_list":["post-326342","post","type-post","status-publish","format-standard","has-post-thumbnail","","category-cinta-de-noticias","category-minuto-a-minuto","category-locales","category-slide"],"_links":{"self":[{"href":"https:\/\/archive.sana.sy\/es\/index.php?rest_route=\/wp\/v2\/posts\/326342"}],"collection":[{"href":"https:\/\/archive.sana.sy\/es\/index.php?rest_route=\/wp\/v2\/posts"}],"about":[{"href":"https:\/\/archive.sana.sy\/es\/index.php?rest_route=\/wp\/v2\/types\/post"}],"author":[{"embeddable":true,"href":"https:\/\/archive.sana.sy\/es\/index.php?rest_route=\/wp\/v2\/users\/30"}],"replies":[{"embeddable":true,"href":"https:\/\/archive.sana.sy\/es\/index.php?rest_route=%2Fwp%2Fv2%2Fcomments&post=326342"}],"version-history":[{"count":3,"href":"https:\/\/archive.sana.sy\/es\/index.php?rest_route=\/wp\/v2\/posts\/326342\/revisions"}],"predecessor-version":[{"id":326389,"href":"https:\/\/archive.sana.sy\/es\/index.php?rest_route=\/wp\/v2\/posts\/326342\/revisions\/326389"}],"wp:featuredmedia":[{"embeddable":true,"href":"https:\/\/archive.sana.sy\/es\/index.php?rest_route=\/wp\/v2\/media\/326343"}],"wp:attachment":[{"href":"https:\/\/archive.sana.sy\/es\/index.php?rest_route=%2Fwp%2Fv2%2Fmedia&parent=326342"}],"wp:term":[{"taxonomy":"category","embeddable":true,"href":"https:\/\/archive.sana.sy\/es\/index.php?rest_route=%2Fwp%2Fv2%2Fcategories&post=326342"},{"taxonomy":"post_tag","embeddable":true,"href":"https:\/\/archive.sana.sy\/es\/index.php?rest_route=%2Fwp%2Fv2%2Ftags&post=326342"}],"curies":[{"name":"wp","href":"https:\/\/api.w.org\/{rel}","templated":true}]}}