{"id":326354,"date":"2024-04-05T15:10:45","date_gmt":"2024-04-05T12:10:45","guid":{"rendered":"https:\/\/sana.sy\/es\/?p=326354"},"modified":"2024-04-05T15:10:45","modified_gmt":"2024-04-05T12:10:45","slug":"el-minuto-a-minuto-de-la-continua-agresion-israeli-contra-gaza-4","status":"publish","type":"post","link":"https:\/\/archive.sana.sy\/es\/?p=326354","title":{"rendered":"El minuto a minuto de la continua agresi\u00f3n israel\u00ed contra Gaza"},"content":{"rendered":"<p style=\"text-align: justify;\"><strong><span style=\"color: #800000;\">Jerusal\u00e9n ocupada, 5 abr (SANA)<\/span> <\/strong><strong>\u00a0A continuaci\u00f3n, los desarrollos m\u00e1s recientes sobre la agresi\u00f3n israel\u00ed contra la Franja de Gaza:<br \/>\n<\/strong><\/p>\n<p style=\"text-align: justify;\">-El saldo de la agresi\u00f3n israel\u00ed asciende a 33 mil 91 muertos y 75 mil 750 heridos desde el 7 de octubre pasado.<\/p>\n<p style=\"text-align: justify;\">-Durante las \u00faltimas 24 horas &#8220;Israel&#8221; perpetr\u00f3 cinco masacres contra familias en la Franja de Gaza que saldaron en 54 muertos y 82 heridos.<\/p>\n<p style=\"text-align: justify;\">-UNRWA: el 62 por ciento de viviendas en Gaza son destruidas por bombardeos israel\u00edes<\/p>\n<p>lo\/sm<\/p>\n","protected":false},"excerpt":{"rendered":"<p>Jerusal\u00e9n ocupada, 5 abr (SANA) \u00a0A continuaci\u00f3n, los desarrollos m\u00e1s recientes sobre la agresi\u00f3n israel\u00ed contra la Franja de Gaza: -El saldo de la agresi\u00f3n israel\u00ed asciende a 33 mil 91 muertos y 75 mil 750 heridos desde el 7 de octubre pasado. -Durante las \u00faltimas 24 horas &#8220;Israel&#8221; perpetr\u00f3 cinco masacres contra familias en &hellip;<\/p>\n","protected":false},"author":39,"featured_media":326355,"comment_status":"closed","ping_status":"closed","sticky":false,"template":"","format":"standard","meta":{"footnotes":""},"categories":[456,16687,20724,583],"tags":[],"class_list":["post-326354","post","type-post","status-publish","format-standard","has-post-thumbnail","","category-arabe-internacional-politica","category-internacionales","category-minuto-a-minuto","category-slide"],"_links":{"self":[{"href":"https:\/\/archive.sana.sy\/es\/index.php?rest_route=\/wp\/v2\/posts\/326354"}],"collection":[{"href":"https:\/\/archive.sana.sy\/es\/index.php?rest_route=\/wp\/v2\/posts"}],"about":[{"href":"https:\/\/archive.sana.sy\/es\/index.php?rest_route=\/wp\/v2\/types\/post"}],"author":[{"embeddable":true,"href":"https:\/\/archive.sana.sy\/es\/index.php?rest_route=\/wp\/v2\/users\/39"}],"replies":[{"embeddable":true,"href":"https:\/\/archive.sana.sy\/es\/index.php?rest_route=%2Fwp%2Fv2%2Fcomments&post=326354"}],"version-history":[{"count":1,"href":"https:\/\/archive.sana.sy\/es\/index.php?rest_route=\/wp\/v2\/posts\/326354\/revisions"}],"predecessor-version":[{"id":326356,"href":"https:\/\/archive.sana.sy\/es\/index.php?rest_route=\/wp\/v2\/posts\/326354\/revisions\/326356"}],"wp:featuredmedia":[{"embeddable":true,"href":"https:\/\/archive.sana.sy\/es\/index.php?rest_route=\/wp\/v2\/media\/326355"}],"wp:attachment":[{"href":"https:\/\/archive.sana.sy\/es\/index.php?rest_route=%2Fwp%2Fv2%2Fmedia&parent=326354"}],"wp:term":[{"taxonomy":"category","embeddable":true,"href":"https:\/\/archive.sana.sy\/es\/index.php?rest_route=%2Fwp%2Fv2%2Fcategories&post=326354"},{"taxonomy":"post_tag","embeddable":true,"href":"https:\/\/archive.sana.sy\/es\/index.php?rest_route=%2Fwp%2Fv2%2Ftags&post=326354"}],"curies":[{"name":"wp","href":"https:\/\/api.w.org\/{rel}","templated":true}]}}