{"id":326358,"date":"2024-04-05T16:19:11","date_gmt":"2024-04-05T13:19:11","guid":{"rendered":"https:\/\/sana.sy\/es\/?p=326358"},"modified":"2024-04-05T16:19:56","modified_gmt":"2024-04-05T13:19:56","slug":"moscu-201-rusos-murieron-por-ataques-ucranianos-en-tres-meses","status":"publish","type":"post","link":"https:\/\/archive.sana.sy\/es\/?p=326358","title":{"rendered":"Mosc\u00fa: 201 rusos murieron por ataques ucranianos en tres meses"},"content":{"rendered":"<p style=\"text-align: justify;\"><span style=\"color: #800000;\"><strong>Mosc\u00fa, 05 abr (SANA)\u00a0 <\/strong><\/span>El Ministerio de Asuntos Exteriores de Rusia anunci\u00f3 que los ataques lanzados por las fuerzas del r\u00e9gimen de Kiev contra territorio ruso, desde principios de este a\u00f1o, provocaron la muerte de 201 personas.<\/p>\n<p style=\"text-align: justify;\">&#8220;Basado en los datos recopilados por la Oficina del Enviado Especial del Ministerio de Asuntos Exteriores de Rusia sobre los cr\u00edmenes cometidos por el r\u00e9gimen de Kiev, entre el 1 de enero y el 31 de marzo de 2024, 922 civiles en las regiones rusas fueron atacados por militantes ucranianos, entre ellos 721 heridos y 201 muertos\u201d, dijo el embajador plenipotenciario de la Canciller\u00eda rusa para los cr\u00edmenes del r\u00e9gimen de Kiev, Rodion Miroshnik, seg\u00fan TASS.<\/p>\n<p style=\"text-align: justify;\">El diplom\u00e1tico se\u00f1al\u00f3 que, desde principios de 2024, el r\u00e9gimen de Kiev dispar\u00f3 al menos 22.000 proyectiles contra objetivos civiles en Rusia, lo que representa 250 proyectiles por d\u00eda o 10 proyectiles por hora.<\/p>\n<p style=\"text-align: justify;\">lo\/sm<\/p>\n","protected":false},"excerpt":{"rendered":"<p>Mosc\u00fa, 05 abr (SANA)\u00a0 El Ministerio de Asuntos Exteriores de Rusia anunci\u00f3 que los ataques lanzados por las fuerzas del r\u00e9gimen de Kiev contra territorio ruso, desde principios de este a\u00f1o, provocaron la muerte de 201 personas. &#8220;Basado en los datos recopilados por la Oficina del Enviado Especial del Ministerio de Asuntos Exteriores de Rusia &hellip;<\/p>\n","protected":false},"author":39,"featured_media":326359,"comment_status":"closed","ping_status":"closed","sticky":false,"template":"","format":"standard","meta":{"footnotes":""},"categories":[597,456,16687,20724,7541],"tags":[],"class_list":["post-326358","post","type-post","status-publish","format-standard","has-post-thumbnail","","category-cinta-de-noticias","category-arabe-internacional-politica","category-internacionales","category-minuto-a-minuto","category-ultimas-noticias"],"_links":{"self":[{"href":"https:\/\/archive.sana.sy\/es\/index.php?rest_route=\/wp\/v2\/posts\/326358"}],"collection":[{"href":"https:\/\/archive.sana.sy\/es\/index.php?rest_route=\/wp\/v2\/posts"}],"about":[{"href":"https:\/\/archive.sana.sy\/es\/index.php?rest_route=\/wp\/v2\/types\/post"}],"author":[{"embeddable":true,"href":"https:\/\/archive.sana.sy\/es\/index.php?rest_route=\/wp\/v2\/users\/39"}],"replies":[{"embeddable":true,"href":"https:\/\/archive.sana.sy\/es\/index.php?rest_route=%2Fwp%2Fv2%2Fcomments&post=326358"}],"version-history":[{"count":2,"href":"https:\/\/archive.sana.sy\/es\/index.php?rest_route=\/wp\/v2\/posts\/326358\/revisions"}],"predecessor-version":[{"id":326361,"href":"https:\/\/archive.sana.sy\/es\/index.php?rest_route=\/wp\/v2\/posts\/326358\/revisions\/326361"}],"wp:featuredmedia":[{"embeddable":true,"href":"https:\/\/archive.sana.sy\/es\/index.php?rest_route=\/wp\/v2\/media\/326359"}],"wp:attachment":[{"href":"https:\/\/archive.sana.sy\/es\/index.php?rest_route=%2Fwp%2Fv2%2Fmedia&parent=326358"}],"wp:term":[{"taxonomy":"category","embeddable":true,"href":"https:\/\/archive.sana.sy\/es\/index.php?rest_route=%2Fwp%2Fv2%2Fcategories&post=326358"},{"taxonomy":"post_tag","embeddable":true,"href":"https:\/\/archive.sana.sy\/es\/index.php?rest_route=%2Fwp%2Fv2%2Ftags&post=326358"}],"curies":[{"name":"wp","href":"https:\/\/api.w.org\/{rel}","templated":true}]}}