{"id":326362,"date":"2024-04-05T16:56:17","date_gmt":"2024-04-05T13:56:17","guid":{"rendered":"https:\/\/sana.sy\/es\/?p=326362"},"modified":"2024-04-05T16:56:17","modified_gmt":"2024-04-05T13:56:17","slug":"primera-dama-supervisa-y-asiste-a-la-inauguracion-de-un-centro-para-ninos-con-autismo-fotos","status":"publish","type":"post","link":"https:\/\/archive.sana.sy\/es\/?p=326362","title":{"rendered":"Primera Dama supervisa y asiste a la inauguraci\u00f3n de un centro para ni\u00f1os con autismo (+fotos)"},"content":{"rendered":"<p style=\"text-align: justify;\"><span style=\"color: #800000;\"><strong>Damasco-campo 05 abr (SANA)\u00a0<\/strong><\/span> La primera dama Asma Al-Assad, supervis\u00f3 y asisti\u00f3 a la inauguraci\u00f3n del centro Amal Al-Khani para ni\u00f1os con autismo en la provincia de Damasco-campo.<\/p>\n<p style=\"text-align: justify;\">Con sus modernas y avanzadas t\u00e9cnicas terap\u00e9uticas, el mencionado centro para el Autismo y los Trastornos del Desarrollo transforma el dolor que padecen los ni\u00f1os autistas en esperanza y traza el camino para su integraci\u00f3n en la sociedad que los rodea.<\/p>\n<p style=\"text-align: justify;\">La referida instituci\u00f3n es la primera de su tipo en Siria, no s\u00f3lo por brindar la atenci\u00f3n m\u00e9dica necesaria a este segmento de ni\u00f1os, sino tambi\u00e9n por su capacidad \u00fanica y distintiva para desarrollarlos psicol\u00f3gica y socialmente, y alentarlos a progresar en el camino hacia la recuperaci\u00f3n.<\/p>\n<div id='gallery-1' class='gallery galleryid-326362 gallery-columns-1 gallery-size-full'><figure class='gallery-item'>\n\t\t\t<div class='gallery-icon landscape'>\n\t\t\t\t<a href='https:\/\/archive.sana.sy\/es\/?attachment_id=326365'><img loading=\"lazy\" decoding=\"async\" width=\"1080\" height=\"865\" src=\"https:\/\/archive.sana.sy\/es\/wp-content\/uploads\/2024\/04\/Primera-Dama-supervisa-y-asiste-a-la-inauguracion-de-un-centro-para-ninos-con-autismo3.jpg\" class=\"attachment-full size-full\" alt=\"\" srcset=\"https:\/\/archive.sana.sy\/es\/wp-content\/uploads\/2024\/04\/Primera-Dama-supervisa-y-asiste-a-la-inauguracion-de-un-centro-para-ninos-con-autismo3.jpg 1080w, https:\/\/archive.sana.sy\/es\/wp-content\/uploads\/2024\/04\/Primera-Dama-supervisa-y-asiste-a-la-inauguracion-de-un-centro-para-ninos-con-autismo3-300x240.jpg 300w, https:\/\/archive.sana.sy\/es\/wp-content\/uploads\/2024\/04\/Primera-Dama-supervisa-y-asiste-a-la-inauguracion-de-un-centro-para-ninos-con-autismo3-1024x820.jpg 1024w, https:\/\/archive.sana.sy\/es\/wp-content\/uploads\/2024\/04\/Primera-Dama-supervisa-y-asiste-a-la-inauguracion-de-un-centro-para-ninos-con-autismo3-150x120.jpg 150w, https:\/\/archive.sana.sy\/es\/wp-content\/uploads\/2024\/04\/Primera-Dama-supervisa-y-asiste-a-la-inauguracion-de-un-centro-para-ninos-con-autismo3-768x615.jpg 768w\" sizes=\"(max-width: 1080px) 100vw, 1080px\" \/><\/a>\n\t\t\t<\/div><\/figure><figure class='gallery-item'>\n\t\t\t<div class='gallery-icon landscape'>\n\t\t\t\t<a href='https:\/\/archive.sana.sy\/es\/?attachment_id=326364'><img loading=\"lazy\" decoding=\"async\" width=\"1079\" height=\"720\" src=\"https:\/\/archive.sana.sy\/es\/wp-content\/uploads\/2024\/04\/Primera-Dama-supervisa-y-asiste-a-la-inauguracion-de-un-centro-para-ninos-con-autismo5.jpeg\" class=\"attachment-full size-full\" alt=\"\" srcset=\"https:\/\/archive.sana.sy\/es\/wp-content\/uploads\/2024\/04\/Primera-Dama-supervisa-y-asiste-a-la-inauguracion-de-un-centro-para-ninos-con-autismo5.jpeg 1079w, https:\/\/archive.sana.sy\/es\/wp-content\/uploads\/2024\/04\/Primera-Dama-supervisa-y-asiste-a-la-inauguracion-de-un-centro-para-ninos-con-autismo5-300x200.jpeg 300w, https:\/\/archive.sana.sy\/es\/wp-content\/uploads\/2024\/04\/Primera-Dama-supervisa-y-asiste-a-la-inauguracion-de-un-centro-para-ninos-con-autismo5-1024x683.jpeg 1024w, https:\/\/archive.sana.sy\/es\/wp-content\/uploads\/2024\/04\/Primera-Dama-supervisa-y-asiste-a-la-inauguracion-de-un-centro-para-ninos-con-autismo5-150x100.jpeg 150w, https:\/\/archive.sana.sy\/es\/wp-content\/uploads\/2024\/04\/Primera-Dama-supervisa-y-asiste-a-la-inauguracion-de-un-centro-para-ninos-con-autismo5-768x512.jpeg 768w\" sizes=\"(max-width: 1079px) 100vw, 1079px\" \/><\/a>\n\t\t\t<\/div><\/figure><figure class='gallery-item'>\n\t\t\t<div class='gallery-icon landscape'>\n\t\t\t\t<a href='https:\/\/archive.sana.sy\/es\/?attachment_id=326368'><img loading=\"lazy\" decoding=\"async\" width=\"1079\" height=\"720\" src=\"https:\/\/archive.sana.sy\/es\/wp-content\/uploads\/2024\/04\/Primera-Dama-supervisa-y-asiste-a-la-inauguracion-de-un-centro-para-ninos-con-autismo0.jpg\" class=\"attachment-full size-full\" alt=\"\" srcset=\"https:\/\/archive.sana.sy\/es\/wp-content\/uploads\/2024\/04\/Primera-Dama-supervisa-y-asiste-a-la-inauguracion-de-un-centro-para-ninos-con-autismo0.jpg 1079w, https:\/\/archive.sana.sy\/es\/wp-content\/uploads\/2024\/04\/Primera-Dama-supervisa-y-asiste-a-la-inauguracion-de-un-centro-para-ninos-con-autismo0-300x200.jpg 300w, https:\/\/archive.sana.sy\/es\/wp-content\/uploads\/2024\/04\/Primera-Dama-supervisa-y-asiste-a-la-inauguracion-de-un-centro-para-ninos-con-autismo0-1024x683.jpg 1024w, https:\/\/archive.sana.sy\/es\/wp-content\/uploads\/2024\/04\/Primera-Dama-supervisa-y-asiste-a-la-inauguracion-de-un-centro-para-ninos-con-autismo0-150x100.jpg 150w, https:\/\/archive.sana.sy\/es\/wp-content\/uploads\/2024\/04\/Primera-Dama-supervisa-y-asiste-a-la-inauguracion-de-un-centro-para-ninos-con-autismo0-768x512.jpg 768w\" sizes=\"(max-width: 1079px) 100vw, 1079px\" \/><\/a>\n\t\t\t<\/div><\/figure><figure class='gallery-item'>\n\t\t\t<div class='gallery-icon portrait'>\n\t\t\t\t<a href='https:\/\/archive.sana.sy\/es\/?attachment_id=326366'><img loading=\"lazy\" decoding=\"async\" width=\"930\" height=\"1280\" src=\"https:\/\/archive.sana.sy\/es\/wp-content\/uploads\/2024\/04\/Primera-Dama-supervisa-y-asiste-a-la-inauguracion-de-un-centro-para-ninos-con-autismo.jpg\" class=\"attachment-full size-full\" alt=\"\" srcset=\"https:\/\/archive.sana.sy\/es\/wp-content\/uploads\/2024\/04\/Primera-Dama-supervisa-y-asiste-a-la-inauguracion-de-un-centro-para-ninos-con-autismo.jpg 930w, https:\/\/archive.sana.sy\/es\/wp-content\/uploads\/2024\/04\/Primera-Dama-supervisa-y-asiste-a-la-inauguracion-de-un-centro-para-ninos-con-autismo-218x300.jpg 218w, https:\/\/archive.sana.sy\/es\/wp-content\/uploads\/2024\/04\/Primera-Dama-supervisa-y-asiste-a-la-inauguracion-de-un-centro-para-ninos-con-autismo-744x1024.jpg 744w, https:\/\/archive.sana.sy\/es\/wp-content\/uploads\/2024\/04\/Primera-Dama-supervisa-y-asiste-a-la-inauguracion-de-un-centro-para-ninos-con-autismo-109x150.jpg 109w, https:\/\/archive.sana.sy\/es\/wp-content\/uploads\/2024\/04\/Primera-Dama-supervisa-y-asiste-a-la-inauguracion-de-un-centro-para-ninos-con-autismo-768x1057.jpg 768w\" sizes=\"(max-width: 930px) 100vw, 930px\" \/><\/a>\n\t\t\t<\/div><\/figure><figure class='gallery-item'>\n\t\t\t<div class='gallery-icon portrait'>\n\t\t\t\t<a href='https:\/\/archive.sana.sy\/es\/?attachment_id=326367'><img loading=\"lazy\" decoding=\"async\" width=\"1027\" height=\"1280\" src=\"https:\/\/archive.sana.sy\/es\/wp-content\/uploads\/2024\/04\/Primera-Dama-supervisa-y-asiste-a-la-inauguracion-de-un-centro-para-ninos-con-autismo1.jpg\" class=\"attachment-full size-full\" alt=\"\" srcset=\"https:\/\/archive.sana.sy\/es\/wp-content\/uploads\/2024\/04\/Primera-Dama-supervisa-y-asiste-a-la-inauguracion-de-un-centro-para-ninos-con-autismo1.jpg 1027w, https:\/\/archive.sana.sy\/es\/wp-content\/uploads\/2024\/04\/Primera-Dama-supervisa-y-asiste-a-la-inauguracion-de-un-centro-para-ninos-con-autismo1-241x300.jpg 241w, https:\/\/archive.sana.sy\/es\/wp-content\/uploads\/2024\/04\/Primera-Dama-supervisa-y-asiste-a-la-inauguracion-de-un-centro-para-ninos-con-autismo1-822x1024.jpg 822w, https:\/\/archive.sana.sy\/es\/wp-content\/uploads\/2024\/04\/Primera-Dama-supervisa-y-asiste-a-la-inauguracion-de-un-centro-para-ninos-con-autismo1-120x150.jpg 120w, https:\/\/archive.sana.sy\/es\/wp-content\/uploads\/2024\/04\/Primera-Dama-supervisa-y-asiste-a-la-inauguracion-de-un-centro-para-ninos-con-autismo1-768x957.jpg 768w\" sizes=\"(max-width: 1027px) 100vw, 1027px\" \/><\/a>\n\t\t\t<\/div><\/figure>\n\t\t<\/div>\n\n<p style=\"text-align: justify;\">sm<\/p>\n","protected":false},"excerpt":{"rendered":"<p>Damasco-campo 05 abr (SANA)\u00a0 La primera dama Asma Al-Assad, supervis\u00f3 y asisti\u00f3 a la inauguraci\u00f3n del centro Amal Al-Khani para ni\u00f1os con autismo en la provincia de Damasco-campo. Con sus modernas y avanzadas t\u00e9cnicas terap\u00e9uticas, el mencionado centro para el Autismo y los Trastornos del Desarrollo transforma el dolor que padecen los ni\u00f1os autistas en &hellip;<\/p>\n","protected":false},"author":39,"featured_media":326363,"comment_status":"closed","ping_status":"closed","sticky":false,"template":"","format":"standard","meta":{"footnotes":""},"categories":[597,20724,476,16237,583,626],"tags":[],"class_list":["post-326362","post","type-post","status-publish","format-standard","has-post-thumbnail","","category-cinta-de-noticias","category-minuto-a-minuto","category-locales","category-presidence-de-la-republique-arabe-syria","category-slide","category-sr-presidente"],"_links":{"self":[{"href":"https:\/\/archive.sana.sy\/es\/index.php?rest_route=\/wp\/v2\/posts\/326362"}],"collection":[{"href":"https:\/\/archive.sana.sy\/es\/index.php?rest_route=\/wp\/v2\/posts"}],"about":[{"href":"https:\/\/archive.sana.sy\/es\/index.php?rest_route=\/wp\/v2\/types\/post"}],"author":[{"embeddable":true,"href":"https:\/\/archive.sana.sy\/es\/index.php?rest_route=\/wp\/v2\/users\/39"}],"replies":[{"embeddable":true,"href":"https:\/\/archive.sana.sy\/es\/index.php?rest_route=%2Fwp%2Fv2%2Fcomments&post=326362"}],"version-history":[{"count":1,"href":"https:\/\/archive.sana.sy\/es\/index.php?rest_route=\/wp\/v2\/posts\/326362\/revisions"}],"predecessor-version":[{"id":326369,"href":"https:\/\/archive.sana.sy\/es\/index.php?rest_route=\/wp\/v2\/posts\/326362\/revisions\/326369"}],"wp:featuredmedia":[{"embeddable":true,"href":"https:\/\/archive.sana.sy\/es\/index.php?rest_route=\/wp\/v2\/media\/326363"}],"wp:attachment":[{"href":"https:\/\/archive.sana.sy\/es\/index.php?rest_route=%2Fwp%2Fv2%2Fmedia&parent=326362"}],"wp:term":[{"taxonomy":"category","embeddable":true,"href":"https:\/\/archive.sana.sy\/es\/index.php?rest_route=%2Fwp%2Fv2%2Fcategories&post=326362"},{"taxonomy":"post_tag","embeddable":true,"href":"https:\/\/archive.sana.sy\/es\/index.php?rest_route=%2Fwp%2Fv2%2Ftags&post=326362"}],"curies":[{"name":"wp","href":"https:\/\/api.w.org\/{rel}","templated":true}]}}