{"id":326420,"date":"2024-04-06T14:00:42","date_gmt":"2024-04-06T11:00:42","guid":{"rendered":"https:\/\/sana.sy\/es\/?p=326420"},"modified":"2024-04-06T14:17:29","modified_gmt":"2024-04-06T11:17:29","slug":"rusia-ataca-y-destruye-plantas-y-aerodromos-militares-en-ucrania","status":"publish","type":"post","link":"https:\/\/archive.sana.sy\/es\/?p=326420","title":{"rendered":"Rusia ataca y destruye plantas y aer\u00f3dromos militares en Ucrania"},"content":{"rendered":"<p style=\"text-align: justify;\"><strong><span style=\"color: #800000;\">Mosc\u00fa, 6 abr (SANA)<\/span>\u00a0<\/strong> El Ministerio de Defensa ruso, inform\u00f3 en su resumen sobre el avance de la operaci\u00f3n militar especial, que las Fuerzas Armadas de la Federaci\u00f3n Rusa lanzaron un ataque masivo con cohetes de alta precisi\u00f3n y largo alcance disparados desde el mar y el aire contra empresas del complejo militar-industrial de Ucrania.<\/p>\n<p style=\"text-align: justify;\">\u201cEl ataque, en el que se emplearon tambi\u00e9n veh\u00edculos a\u00e9reos no tripulados, destruy\u00f3 planta que produc\u00edan y reparaban veh\u00edculos blindados y drones, aer\u00f3dromos militares y puntos de despliegue temporal de mercenarios extranjeros\u201d, indic\u00f3 el ente castrense.<\/p>\n<p style=\"text-align: justify;\">Agreg\u00f3 que los objetivos del ataque se lograron y todos los objetivos designados fueron alcanzados.<\/p>\n<p style=\"text-align: justify;\">fm\/rr<\/p>\n","protected":false},"excerpt":{"rendered":"<p>Mosc\u00fa, 6 abr (SANA)\u00a0 El Ministerio de Defensa ruso, inform\u00f3 en su resumen sobre el avance de la operaci\u00f3n militar especial, que las Fuerzas Armadas de la Federaci\u00f3n Rusa lanzaron un ataque masivo con cohetes de alta precisi\u00f3n y largo alcance disparados desde el mar y el aire contra empresas del complejo militar-industrial de Ucrania. &hellip;<\/p>\n","protected":false},"author":31,"featured_media":326421,"comment_status":"closed","ping_status":"closed","sticky":false,"template":"","format":"standard","meta":{"footnotes":""},"categories":[597,456,16687,7541],"tags":[6695,20357],"class_list":["post-326420","post","type-post","status-publish","format-standard","has-post-thumbnail","","category-cinta-de-noticias","category-arabe-internacional-politica","category-internacionales","category-ultimas-noticias","tag-rusia","tag-ucrania"],"_links":{"self":[{"href":"https:\/\/archive.sana.sy\/es\/index.php?rest_route=\/wp\/v2\/posts\/326420"}],"collection":[{"href":"https:\/\/archive.sana.sy\/es\/index.php?rest_route=\/wp\/v2\/posts"}],"about":[{"href":"https:\/\/archive.sana.sy\/es\/index.php?rest_route=\/wp\/v2\/types\/post"}],"author":[{"embeddable":true,"href":"https:\/\/archive.sana.sy\/es\/index.php?rest_route=\/wp\/v2\/users\/31"}],"replies":[{"embeddable":true,"href":"https:\/\/archive.sana.sy\/es\/index.php?rest_route=%2Fwp%2Fv2%2Fcomments&post=326420"}],"version-history":[{"count":1,"href":"https:\/\/archive.sana.sy\/es\/index.php?rest_route=\/wp\/v2\/posts\/326420\/revisions"}],"predecessor-version":[{"id":326422,"href":"https:\/\/archive.sana.sy\/es\/index.php?rest_route=\/wp\/v2\/posts\/326420\/revisions\/326422"}],"wp:featuredmedia":[{"embeddable":true,"href":"https:\/\/archive.sana.sy\/es\/index.php?rest_route=\/wp\/v2\/media\/326421"}],"wp:attachment":[{"href":"https:\/\/archive.sana.sy\/es\/index.php?rest_route=%2Fwp%2Fv2%2Fmedia&parent=326420"}],"wp:term":[{"taxonomy":"category","embeddable":true,"href":"https:\/\/archive.sana.sy\/es\/index.php?rest_route=%2Fwp%2Fv2%2Fcategories&post=326420"},{"taxonomy":"post_tag","embeddable":true,"href":"https:\/\/archive.sana.sy\/es\/index.php?rest_route=%2Fwp%2Fv2%2Ftags&post=326420"}],"curies":[{"name":"wp","href":"https:\/\/api.w.org\/{rel}","templated":true}]}}