{"id":326488,"date":"2024-04-07T08:43:42","date_gmt":"2024-04-07T05:43:42","guid":{"rendered":"https:\/\/sana.sy\/es\/?p=326488"},"modified":"2024-04-07T08:44:04","modified_gmt":"2024-04-07T05:44:04","slug":"nicaragua-condena-asalto-a-embajada-mexicana-y-rompe-relaciones-diplomaticas-con-ecuador","status":"publish","type":"post","link":"https:\/\/archive.sana.sy\/es\/?p=326488","title":{"rendered":"Nicaragua condena asalto a embajada mexicana y rompe relaciones diplom\u00e1ticas con Ecuador"},"content":{"rendered":"<p style=\"text-align: justify;\"><span style=\"color: #800000;\"><strong>Managua, 7 abr (SANA)\u00a0<\/strong><\/span> \u00a0El Gobierno de Nicaragua rechaz\u00f3 el asalto a la Embajada de M\u00e9xico en Quito y la detenci\u00f3n del exvicepresidente ecuatoriano, a quien Andr\u00e9s Manuel L\u00f3pez Obrador, otorg\u00f3 asilo diplom\u00e1tico.<\/p>\n<p style=\"text-align: justify;\">Es una &#8220;barbarie pol\u00edtica neofascista del Gobierno de Ecuador&#8221;. &#8220;Condenamos y rechazamos esta violaci\u00f3n flagrante del derecho internacional que vemos repetirse desde gobernantes corruptos y serviles a los imperios, que desgraciadamente ocupan posiciones institucionales en ese Hermano Pa\u00eds&#8221;, rez\u00f3 un comunicado del gobierno nicaraguense.<\/p>\n<p style=\"text-align: justify;\">Asimismo anunci\u00f3 la ruptura de toda relaci\u00f3n diplom\u00e1tica con Ecuador. &#8220;Ante la ins\u00f3lita y repudiable acci\u00f3n de fuerzas que deber\u00edan resguardar el orden y la seguridad de los ciudadanos ecuatorianos y sus vidas, expresamos nuestra contundente, enf\u00e1tica e irrevocable repulsa, que convertimos en nuestra decisi\u00f3n soberana de romper toda relaci\u00f3n diplom\u00e1tica con el Gobierno ecuatoriano, agreg\u00f3 el comunicado.<\/p>\n<p style=\"text-align: justify;\">Expres\u00f3 solidaridad y acompa\u00f1amiento, en cualquier acci\u00f3n legal que de esto se derive, al presidente y Gobierno de M\u00e9xico, Don Andr\u00e9s Manuel L\u00f3pez Obrador.<\/p>\n<p style=\"text-align: justify;\">Asimismo, el Gobierno nicarag\u00fcense manifest\u00f3 su &#8220;c\u00e1lida y consecuente consideraci\u00f3n al querido pueblo ecuatoriano, que vive tiempos de inconcebible brutalidad&#8221;, as\u00ed como su &#8220;apego al derecho internacional y a las convenciones que rigen las relaciones civilizadas entre Estados y Gobiernos del mundo&#8221;.<\/p>\n<p style=\"text-align: justify;\"><strong>fm\/ws<\/strong><\/p>\n","protected":false},"excerpt":{"rendered":"<p>Managua, 7 abr (SANA)\u00a0 \u00a0El Gobierno de Nicaragua rechaz\u00f3 el asalto a la Embajada de M\u00e9xico en Quito y la detenci\u00f3n del exvicepresidente ecuatoriano, a quien Andr\u00e9s Manuel L\u00f3pez Obrador, otorg\u00f3 asilo diplom\u00e1tico. Es una &#8220;barbarie pol\u00edtica neofascista del Gobierno de Ecuador&#8221;. &#8220;Condenamos y rechazamos esta violaci\u00f3n flagrante del derecho internacional que vemos repetirse desde &hellip;<\/p>\n","protected":false},"author":35,"featured_media":326489,"comment_status":"closed","ping_status":"closed","sticky":false,"template":"","format":"standard","meta":{"footnotes":""},"categories":[597,456,16687,20724,7541],"tags":[],"class_list":["post-326488","post","type-post","status-publish","format-standard","has-post-thumbnail","","category-cinta-de-noticias","category-arabe-internacional-politica","category-internacionales","category-minuto-a-minuto","category-ultimas-noticias"],"_links":{"self":[{"href":"https:\/\/archive.sana.sy\/es\/index.php?rest_route=\/wp\/v2\/posts\/326488"}],"collection":[{"href":"https:\/\/archive.sana.sy\/es\/index.php?rest_route=\/wp\/v2\/posts"}],"about":[{"href":"https:\/\/archive.sana.sy\/es\/index.php?rest_route=\/wp\/v2\/types\/post"}],"author":[{"embeddable":true,"href":"https:\/\/archive.sana.sy\/es\/index.php?rest_route=\/wp\/v2\/users\/35"}],"replies":[{"embeddable":true,"href":"https:\/\/archive.sana.sy\/es\/index.php?rest_route=%2Fwp%2Fv2%2Fcomments&post=326488"}],"version-history":[{"count":2,"href":"https:\/\/archive.sana.sy\/es\/index.php?rest_route=\/wp\/v2\/posts\/326488\/revisions"}],"predecessor-version":[{"id":326491,"href":"https:\/\/archive.sana.sy\/es\/index.php?rest_route=\/wp\/v2\/posts\/326488\/revisions\/326491"}],"wp:featuredmedia":[{"embeddable":true,"href":"https:\/\/archive.sana.sy\/es\/index.php?rest_route=\/wp\/v2\/media\/326489"}],"wp:attachment":[{"href":"https:\/\/archive.sana.sy\/es\/index.php?rest_route=%2Fwp%2Fv2%2Fmedia&parent=326488"}],"wp:term":[{"taxonomy":"category","embeddable":true,"href":"https:\/\/archive.sana.sy\/es\/index.php?rest_route=%2Fwp%2Fv2%2Fcategories&post=326488"},{"taxonomy":"post_tag","embeddable":true,"href":"https:\/\/archive.sana.sy\/es\/index.php?rest_route=%2Fwp%2Fv2%2Ftags&post=326488"}],"curies":[{"name":"wp","href":"https:\/\/api.w.org\/{rel}","templated":true}]}}