{"id":326492,"date":"2024-04-07T08:48:17","date_gmt":"2024-04-07T05:48:17","guid":{"rendered":"https:\/\/sana.sy\/es\/?p=326492"},"modified":"2024-04-07T09:18:24","modified_gmt":"2024-04-07T06:18:24","slug":"miles-de-sirios-ruegan-a-dios-un-mejor-destino-en-la-noche-del-destino-fotos","status":"publish","type":"post","link":"https:\/\/archive.sana.sy\/es\/?p=326492","title":{"rendered":"Miles de sirios ruegan a Dios un mejor destino en la \u201cNoche del Destino\u201d (+ fotos)"},"content":{"rendered":"<blockquote>\n<p style=\"text-align: justify;\"><span style=\"color: #800000;\">Todas las mezquitas de Damasco se llenaron de los fieles para conmemorar esta fiesta isl\u00e1mica bendita y ruegan a Dios para que haga realidad sus deseos y perdone sus pecados, con rezos desde \u00faltima hora de la tarde hasta bien entrada la madrugada.<\/span><\/p>\n<\/blockquote>\n<p style=\"text-align: justify;\"><span style=\"color: #800000;\"><strong>Damasco, 7 abr (SANA)\u00a0<\/strong> <\/span>\u00a0 De los 355 d\u00edas del calendario lunar isl\u00e1mico, la llamada &#8220;Lailat Al Qadr&#8221; (Noche del Designio o Destino) es la m\u00e1s importante para los musulmanes, ya que seg\u00fan su religi\u00f3n es mejor que mil meses o m\u00e1s de treinta mil noches regulares.<\/p>\n<p style=\"text-align: justify;\"><img loading=\"lazy\" decoding=\"async\" class=\"size-medium wp-image-326495 alignright\" src=\"http:\/\/sana.sy\/es\/wp-content\/uploads\/2024\/04\/photo_2024-04-07_08-48-59-300x200.jpg\" alt=\"\" width=\"300\" height=\"200\" srcset=\"https:\/\/archive.sana.sy\/es\/wp-content\/uploads\/2024\/04\/photo_2024-04-07_08-48-59-300x200.jpg 300w, https:\/\/archive.sana.sy\/es\/wp-content\/uploads\/2024\/04\/photo_2024-04-07_08-48-59-1024x683.jpg 1024w, https:\/\/archive.sana.sy\/es\/wp-content\/uploads\/2024\/04\/photo_2024-04-07_08-48-59-150x100.jpg 150w, https:\/\/archive.sana.sy\/es\/wp-content\/uploads\/2024\/04\/photo_2024-04-07_08-48-59-768x512.jpg 768w, https:\/\/archive.sana.sy\/es\/wp-content\/uploads\/2024\/04\/photo_2024-04-07_08-48-59.jpg 1079w\" sizes=\"(max-width: 300px) 100vw, 300px\" \/><\/p>\n<p style=\"text-align: justify;\">Casi todos los eruditos isl\u00e1micos est\u00e1n de acuerdo en que es la noche del 26 al 27 del Ramad\u00e1n que marca el momento en que Dios transmite los vers\u00edculos al profeta Mahoma que se convertir\u00e1n luego en el libro sagrado del islam, el Cor\u00e1n.<\/p>\n<p style=\"text-align: justify;\">Seg\u00fan vers\u00edculos del Cor\u00e1n, esta noche vale m\u00e1s que mil meses donde los \u00e1ngeles descienden a la Tierra.<br \/>\nLos musulmanes creen que en esta noche las puertas del para\u00edso est\u00e1n abiertas y que tienen m\u00e1s posibilidades de ser escuchados.<\/p>\n<p style=\"text-align: justify;\">Todas las mezquitas de Damasco se llenaron de los fieles para conmemorar esta fiesta isl\u00e1mica bendita y ruegan a Dios para que haga realidad sus deseos y perdone sus pecados, con rezos desde \u00faltima hora de la tarde hasta bien entrada la madrugada.<\/p>\n<p><img loading=\"lazy\" decoding=\"async\" class=\"size-medium wp-image-326505 alignright\" src=\"http:\/\/sana.sy\/es\/wp-content\/uploads\/2024\/04\/photo_2024-04-07_08-49-35-1-300x177.jpg\" alt=\"\" width=\"300\" height=\"177\" srcset=\"https:\/\/archive.sana.sy\/es\/wp-content\/uploads\/2024\/04\/photo_2024-04-07_08-49-35-1-300x177.jpg 300w, https:\/\/archive.sana.sy\/es\/wp-content\/uploads\/2024\/04\/photo_2024-04-07_08-49-35-1-1024x604.jpg 1024w, https:\/\/archive.sana.sy\/es\/wp-content\/uploads\/2024\/04\/photo_2024-04-07_08-49-35-1-150x88.jpg 150w, https:\/\/archive.sana.sy\/es\/wp-content\/uploads\/2024\/04\/photo_2024-04-07_08-49-35-1-768x453.jpg 768w, https:\/\/archive.sana.sy\/es\/wp-content\/uploads\/2024\/04\/photo_2024-04-07_08-49-35-1.jpg 1080w\" sizes=\"(max-width: 300px) 100vw, 300px\" \/><\/p>\n<p style=\"text-align: justify;\">Cientos de musulmanes asistieron el viernes \u00faltimo a la Mezquita de los Omeyas en Damasco, el monumento hist\u00f3rico y religioso m\u00e1s destacado de Siria para celebrar esta noche que \u201cpuede cambiar sus destinos para mejor\u201d.<br \/>\nHombre y mujeres, entre mayores y menores, suplicaron a Dios y le rogaron que cumpla sus deseos y perdone sus pecados.<\/p>\n<p style=\"text-align: justify;\">\n<p style=\"text-align: justify;\">Los sirios esperan que sus destinos marcados por la larga guerra y las crisis econ\u00f3micas, cambien y se conviertan en d\u00edas hermosos y sencillos, llenos de paz y tranquilidad.<\/p>\n<p style=\"text-align: justify;\"><strong>Watfeh Salloum\/fm<\/strong><\/p>\n<div id='gallery-1' class='gallery galleryid-326492 gallery-columns-1 gallery-size-full'><figure class='gallery-item'>\n\t\t\t<div class='gallery-icon landscape'>\n\t\t\t\t<a href='https:\/\/archive.sana.sy\/es\/wp-content\/uploads\/2024\/04\/photo_2024-04-07_08-49-51.jpg'><img loading=\"lazy\" decoding=\"async\" width=\"1080\" height=\"810\" src=\"https:\/\/archive.sana.sy\/es\/wp-content\/uploads\/2024\/04\/photo_2024-04-07_08-49-51.jpg\" class=\"attachment-full size-full\" alt=\"\" srcset=\"https:\/\/archive.sana.sy\/es\/wp-content\/uploads\/2024\/04\/photo_2024-04-07_08-49-51.jpg 1080w, https:\/\/archive.sana.sy\/es\/wp-content\/uploads\/2024\/04\/photo_2024-04-07_08-49-51-300x225.jpg 300w, https:\/\/archive.sana.sy\/es\/wp-content\/uploads\/2024\/04\/photo_2024-04-07_08-49-51-1024x768.jpg 1024w, https:\/\/archive.sana.sy\/es\/wp-content\/uploads\/2024\/04\/photo_2024-04-07_08-49-51-150x113.jpg 150w, https:\/\/archive.sana.sy\/es\/wp-content\/uploads\/2024\/04\/photo_2024-04-07_08-49-51-768x576.jpg 768w\" sizes=\"(max-width: 1080px) 100vw, 1080px\" \/><\/a>\n\t\t\t<\/div><\/figure><figure class='gallery-item'>\n\t\t\t<div class='gallery-icon landscape'>\n\t\t\t\t<a href='https:\/\/archive.sana.sy\/es\/wp-content\/uploads\/2024\/04\/9898-scaled.webp'><img loading=\"lazy\" decoding=\"async\" width=\"2560\" height=\"1707\" src=\"https:\/\/archive.sana.sy\/es\/wp-content\/uploads\/2024\/04\/9898-scaled.webp\" class=\"attachment-full size-full\" alt=\"\" srcset=\"https:\/\/archive.sana.sy\/es\/wp-content\/uploads\/2024\/04\/9898-scaled.webp 2560w, https:\/\/archive.sana.sy\/es\/wp-content\/uploads\/2024\/04\/9898-300x200.webp 300w, https:\/\/archive.sana.sy\/es\/wp-content\/uploads\/2024\/04\/9898-1024x683.webp 1024w, https:\/\/archive.sana.sy\/es\/wp-content\/uploads\/2024\/04\/9898-150x100.webp 150w, https:\/\/archive.sana.sy\/es\/wp-content\/uploads\/2024\/04\/9898-768x512.webp 768w, https:\/\/archive.sana.sy\/es\/wp-content\/uploads\/2024\/04\/9898-1536x1024.webp 1536w, https:\/\/archive.sana.sy\/es\/wp-content\/uploads\/2024\/04\/9898-2048x1366.webp 2048w\" sizes=\"(max-width: 2560px) 100vw, 2560px\" \/><\/a>\n\t\t\t<\/div><\/figure><figure class='gallery-item'>\n\t\t\t<div class='gallery-icon landscape'>\n\t\t\t\t<a href='https:\/\/archive.sana.sy\/es\/wp-content\/uploads\/2024\/04\/433986666_831845078985687_5019478186774536390_n.jpg'><img loading=\"lazy\" decoding=\"async\" width=\"1440\" height=\"1080\" src=\"https:\/\/archive.sana.sy\/es\/wp-content\/uploads\/2024\/04\/433986666_831845078985687_5019478186774536390_n.jpg\" class=\"attachment-full size-full\" alt=\"\" srcset=\"https:\/\/archive.sana.sy\/es\/wp-content\/uploads\/2024\/04\/433986666_831845078985687_5019478186774536390_n.jpg 1440w, https:\/\/archive.sana.sy\/es\/wp-content\/uploads\/2024\/04\/433986666_831845078985687_5019478186774536390_n-300x225.jpg 300w, https:\/\/archive.sana.sy\/es\/wp-content\/uploads\/2024\/04\/433986666_831845078985687_5019478186774536390_n-1024x768.jpg 1024w, https:\/\/archive.sana.sy\/es\/wp-content\/uploads\/2024\/04\/433986666_831845078985687_5019478186774536390_n-150x113.jpg 150w, https:\/\/archive.sana.sy\/es\/wp-content\/uploads\/2024\/04\/433986666_831845078985687_5019478186774536390_n-768x576.jpg 768w\" sizes=\"(max-width: 1440px) 100vw, 1440px\" \/><\/a>\n\t\t\t<\/div><\/figure><figure class='gallery-item'>\n\t\t\t<div class='gallery-icon landscape'>\n\t\t\t\t<a href='https:\/\/archive.sana.sy\/es\/wp-content\/uploads\/2024\/04\/photo_2024-04-07_08-48-53.jpg'><img loading=\"lazy\" decoding=\"async\" width=\"1075\" height=\"717\" src=\"https:\/\/archive.sana.sy\/es\/wp-content\/uploads\/2024\/04\/photo_2024-04-07_08-48-53.jpg\" class=\"attachment-full size-full\" alt=\"\" srcset=\"https:\/\/archive.sana.sy\/es\/wp-content\/uploads\/2024\/04\/photo_2024-04-07_08-48-53.jpg 1075w, https:\/\/archive.sana.sy\/es\/wp-content\/uploads\/2024\/04\/photo_2024-04-07_08-48-53-300x200.jpg 300w, https:\/\/archive.sana.sy\/es\/wp-content\/uploads\/2024\/04\/photo_2024-04-07_08-48-53-1024x683.jpg 1024w, https:\/\/archive.sana.sy\/es\/wp-content\/uploads\/2024\/04\/photo_2024-04-07_08-48-53-150x100.jpg 150w, https:\/\/archive.sana.sy\/es\/wp-content\/uploads\/2024\/04\/photo_2024-04-07_08-48-53-768x512.jpg 768w\" sizes=\"(max-width: 1075px) 100vw, 1075px\" \/><\/a>\n\t\t\t<\/div><\/figure><figure class='gallery-item'>\n\t\t\t<div class='gallery-icon landscape'>\n\t\t\t\t<a href='https:\/\/archive.sana.sy\/es\/wp-content\/uploads\/2024\/04\/photo_2024-04-07_08-49-02.jpg'><img loading=\"lazy\" decoding=\"async\" width=\"1075\" height=\"717\" src=\"https:\/\/archive.sana.sy\/es\/wp-content\/uploads\/2024\/04\/photo_2024-04-07_08-49-02.jpg\" class=\"attachment-full size-full\" alt=\"\" srcset=\"https:\/\/archive.sana.sy\/es\/wp-content\/uploads\/2024\/04\/photo_2024-04-07_08-49-02.jpg 1075w, https:\/\/archive.sana.sy\/es\/wp-content\/uploads\/2024\/04\/photo_2024-04-07_08-49-02-300x200.jpg 300w, https:\/\/archive.sana.sy\/es\/wp-content\/uploads\/2024\/04\/photo_2024-04-07_08-49-02-1024x683.jpg 1024w, https:\/\/archive.sana.sy\/es\/wp-content\/uploads\/2024\/04\/photo_2024-04-07_08-49-02-150x100.jpg 150w, https:\/\/archive.sana.sy\/es\/wp-content\/uploads\/2024\/04\/photo_2024-04-07_08-49-02-768x512.jpg 768w\" sizes=\"(max-width: 1075px) 100vw, 1075px\" \/><\/a>\n\t\t\t<\/div><\/figure><figure class='gallery-item'>\n\t\t\t<div class='gallery-icon landscape'>\n\t\t\t\t<a href='https:\/\/archive.sana.sy\/es\/wp-content\/uploads\/2024\/04\/photo_2024-04-07_08-49-29.jpg'><img loading=\"lazy\" decoding=\"async\" width=\"960\" height=\"640\" src=\"https:\/\/archive.sana.sy\/es\/wp-content\/uploads\/2024\/04\/photo_2024-04-07_08-49-29.jpg\" class=\"attachment-full size-full\" alt=\"\" srcset=\"https:\/\/archive.sana.sy\/es\/wp-content\/uploads\/2024\/04\/photo_2024-04-07_08-49-29.jpg 960w, https:\/\/archive.sana.sy\/es\/wp-content\/uploads\/2024\/04\/photo_2024-04-07_08-49-29-300x200.jpg 300w, https:\/\/archive.sana.sy\/es\/wp-content\/uploads\/2024\/04\/photo_2024-04-07_08-49-29-150x100.jpg 150w, https:\/\/archive.sana.sy\/es\/wp-content\/uploads\/2024\/04\/photo_2024-04-07_08-49-29-768x512.jpg 768w\" sizes=\"(max-width: 960px) 100vw, 960px\" \/><\/a>\n\t\t\t<\/div><\/figure><figure class='gallery-item'>\n\t\t\t<div class='gallery-icon landscape'>\n\t\t\t\t<a href='https:\/\/archive.sana.sy\/es\/wp-content\/uploads\/2024\/04\/photo_2024-04-07_08-48-59.jpg'><img loading=\"lazy\" decoding=\"async\" width=\"1079\" height=\"720\" src=\"https:\/\/archive.sana.sy\/es\/wp-content\/uploads\/2024\/04\/photo_2024-04-07_08-48-59.jpg\" class=\"attachment-full size-full\" alt=\"\" srcset=\"https:\/\/archive.sana.sy\/es\/wp-content\/uploads\/2024\/04\/photo_2024-04-07_08-48-59.jpg 1079w, https:\/\/archive.sana.sy\/es\/wp-content\/uploads\/2024\/04\/photo_2024-04-07_08-48-59-300x200.jpg 300w, https:\/\/archive.sana.sy\/es\/wp-content\/uploads\/2024\/04\/photo_2024-04-07_08-48-59-1024x683.jpg 1024w, https:\/\/archive.sana.sy\/es\/wp-content\/uploads\/2024\/04\/photo_2024-04-07_08-48-59-150x100.jpg 150w, https:\/\/archive.sana.sy\/es\/wp-content\/uploads\/2024\/04\/photo_2024-04-07_08-48-59-768x512.jpg 768w\" sizes=\"(max-width: 1079px) 100vw, 1079px\" \/><\/a>\n\t\t\t<\/div><\/figure>\n\t\t<\/div>\n\n","protected":false},"excerpt":{"rendered":"<p>Todas las mezquitas de Damasco se llenaron de los fieles para conmemorar esta fiesta isl\u00e1mica bendita y ruegan a Dios para que haga realidad sus deseos y perdone sus pecados, con rezos desde \u00faltima hora de la tarde hasta bien entrada la madrugada. Damasco, 7 abr (SANA)\u00a0 \u00a0 De los 355 d\u00edas del calendario lunar &hellip;<\/p>\n","protected":false},"author":35,"featured_media":326494,"comment_status":"closed","ping_status":"closed","sticky":false,"template":"","format":"standard","meta":{"footnotes":""},"categories":[597,510,20724,583,18781],"tags":[],"class_list":["post-326492","post","type-post","status-publish","format-standard","has-post-thumbnail","","category-cinta-de-noticias","category-arte-y-cultura","category-minuto-a-minuto","category-slide","category-vistazos-sobre-siria"],"_links":{"self":[{"href":"https:\/\/archive.sana.sy\/es\/index.php?rest_route=\/wp\/v2\/posts\/326492"}],"collection":[{"href":"https:\/\/archive.sana.sy\/es\/index.php?rest_route=\/wp\/v2\/posts"}],"about":[{"href":"https:\/\/archive.sana.sy\/es\/index.php?rest_route=\/wp\/v2\/types\/post"}],"author":[{"embeddable":true,"href":"https:\/\/archive.sana.sy\/es\/index.php?rest_route=\/wp\/v2\/users\/35"}],"replies":[{"embeddable":true,"href":"https:\/\/archive.sana.sy\/es\/index.php?rest_route=%2Fwp%2Fv2%2Fcomments&post=326492"}],"version-history":[{"count":4,"href":"https:\/\/archive.sana.sy\/es\/index.php?rest_route=\/wp\/v2\/posts\/326492\/revisions"}],"predecessor-version":[{"id":326506,"href":"https:\/\/archive.sana.sy\/es\/index.php?rest_route=\/wp\/v2\/posts\/326492\/revisions\/326506"}],"wp:featuredmedia":[{"embeddable":true,"href":"https:\/\/archive.sana.sy\/es\/index.php?rest_route=\/wp\/v2\/media\/326494"}],"wp:attachment":[{"href":"https:\/\/archive.sana.sy\/es\/index.php?rest_route=%2Fwp%2Fv2%2Fmedia&parent=326492"}],"wp:term":[{"taxonomy":"category","embeddable":true,"href":"https:\/\/archive.sana.sy\/es\/index.php?rest_route=%2Fwp%2Fv2%2Fcategories&post=326492"},{"taxonomy":"post_tag","embeddable":true,"href":"https:\/\/archive.sana.sy\/es\/index.php?rest_route=%2Fwp%2Fv2%2Ftags&post=326492"}],"curies":[{"name":"wp","href":"https:\/\/api.w.org\/{rel}","templated":true}]}}