{"id":326553,"date":"2024-04-07T17:45:59","date_gmt":"2024-04-07T14:45:59","guid":{"rendered":"https:\/\/sana.sy\/es\/?p=326553"},"modified":"2024-04-07T17:45:59","modified_gmt":"2024-04-07T14:45:59","slug":"zelenski-no-es-el-primer-aliado-de-washington-que-cae-victima-de-las-elecciones-estadounidenses-afirma-zajarova","status":"publish","type":"post","link":"https:\/\/archive.sana.sy\/es\/?p=326553","title":{"rendered":"Zelenski no es el primer aliado de Washington que cae v\u00edctima de las elecciones estadounidenses, afirma Zaj\u00e1rova"},"content":{"rendered":"<p style=\"text-align: justify;\"><span style=\"color: #800000;\"><strong>Mosc\u00fa, 7 abr (SANA)\u00a0<\/strong> <\/span>La portavoz del Ministerio ruso de Asuntos Exteriores, Mar\u00eda Zaj\u00e1rova, afirm\u00f3 que el jefe del r\u00e9gimen de Kiev, Vlad\u00edmir Zelenski, no es el primer aliado de Washington que cae v\u00edctima de las elecciones estadounidenses.<\/p>\n<p style=\"text-align: justify;\">\u201cMosc\u00fa advirti\u00f3 mucho sobre el desastroso impacto de las elecciones estadounidenses en la pol\u00edtica exterior de Estados Unidos, pero Zelenski no se dio cuenta de esto hasta que \u00e9l mismo se convirti\u00f3 en v\u00edctima de este rasgo distintivo de la pol\u00edtica estadounidense&#8221;, dijo la vocera.<\/p>\n<p style=\"text-align: justify;\">Explic\u00f3 que el presidnete del r\u00e9gimen de Kiev no es s\u00f3lo un nombre de una larga lista de v\u00edctimas de las elecciones estadounidenses, sino que es uno de los que cre\u00eda que Estados Unidos era su aliado.<\/p>\n<p style=\"text-align: justify;\">El jefe del r\u00e9gimen de Kiev hab\u00eda declarado anteriormente que Kiev se hab\u00eda convertido en reh\u00e9n del proceso electoral estadounidense en lo que respecta a la asignaci\u00f3n de ayuda a trav\u00e9s del Congreso de los EE.UU.<\/p>\n<p style=\"text-align: justify;\">fm<\/p>\n","protected":false},"excerpt":{"rendered":"<p>Mosc\u00fa, 7 abr (SANA)\u00a0 La portavoz del Ministerio ruso de Asuntos Exteriores, Mar\u00eda Zaj\u00e1rova, afirm\u00f3 que el jefe del r\u00e9gimen de Kiev, Vlad\u00edmir Zelenski, no es el primer aliado de Washington que cae v\u00edctima de las elecciones estadounidenses. \u201cMosc\u00fa advirti\u00f3 mucho sobre el desastroso impacto de las elecciones estadounidenses en la pol\u00edtica exterior de Estados &hellip;<\/p>\n","protected":false},"author":34,"featured_media":326554,"comment_status":"closed","ping_status":"closed","sticky":false,"template":"","format":"standard","meta":{"footnotes":""},"categories":[597,456,20724,7541],"tags":[],"class_list":["post-326553","post","type-post","status-publish","format-standard","has-post-thumbnail","","category-cinta-de-noticias","category-arabe-internacional-politica","category-minuto-a-minuto","category-ultimas-noticias"],"_links":{"self":[{"href":"https:\/\/archive.sana.sy\/es\/index.php?rest_route=\/wp\/v2\/posts\/326553"}],"collection":[{"href":"https:\/\/archive.sana.sy\/es\/index.php?rest_route=\/wp\/v2\/posts"}],"about":[{"href":"https:\/\/archive.sana.sy\/es\/index.php?rest_route=\/wp\/v2\/types\/post"}],"author":[{"embeddable":true,"href":"https:\/\/archive.sana.sy\/es\/index.php?rest_route=\/wp\/v2\/users\/34"}],"replies":[{"embeddable":true,"href":"https:\/\/archive.sana.sy\/es\/index.php?rest_route=%2Fwp%2Fv2%2Fcomments&post=326553"}],"version-history":[{"count":1,"href":"https:\/\/archive.sana.sy\/es\/index.php?rest_route=\/wp\/v2\/posts\/326553\/revisions"}],"predecessor-version":[{"id":326555,"href":"https:\/\/archive.sana.sy\/es\/index.php?rest_route=\/wp\/v2\/posts\/326553\/revisions\/326555"}],"wp:featuredmedia":[{"embeddable":true,"href":"https:\/\/archive.sana.sy\/es\/index.php?rest_route=\/wp\/v2\/media\/326554"}],"wp:attachment":[{"href":"https:\/\/archive.sana.sy\/es\/index.php?rest_route=%2Fwp%2Fv2%2Fmedia&parent=326553"}],"wp:term":[{"taxonomy":"category","embeddable":true,"href":"https:\/\/archive.sana.sy\/es\/index.php?rest_route=%2Fwp%2Fv2%2Fcategories&post=326553"},{"taxonomy":"post_tag","embeddable":true,"href":"https:\/\/archive.sana.sy\/es\/index.php?rest_route=%2Fwp%2Fv2%2Ftags&post=326553"}],"curies":[{"name":"wp","href":"https:\/\/api.w.org\/{rel}","templated":true}]}}