{"id":326565,"date":"2024-04-07T18:56:11","date_gmt":"2024-04-07T15:56:11","guid":{"rendered":"https:\/\/sana.sy\/es\/?p=326565"},"modified":"2024-04-07T18:56:11","modified_gmt":"2024-04-07T15:56:11","slug":"el-ataque-israeli-al-consulado-irani-en-damasco-se-llevo-a-cabo-con-misiles-estadounidenses-afirma-abdollahian","status":"publish","type":"post","link":"https:\/\/archive.sana.sy\/es\/?p=326565","title":{"rendered":"El ataque israel\u00ed al consulado iran\u00ed en Damasco se llev\u00f3 a cabo con misiles estadounidenses, afirma Abdollahian"},"content":{"rendered":"<p style=\"text-align: justify;\"><span style=\"color: #800000;\"><strong>Mascate, 7 abr (SANA)\u00a0<\/strong> <\/span>\u00a0El ministro de Asuntos Exteriores iran\u00ed, Hossein Amir Abdollahian, anunci\u00f3 hoy que el ataque israel\u00ed al consulado iran\u00ed en Damasco se llev\u00f3 a cabo con misiles de fabricaci\u00f3n estadounidense.<\/p>\n<p style=\"text-align: justify;\">En declaraciones durante su visita al Sultanato de Om\u00e1n, el jefe de la diplomacia iran\u00ed dijo que \u201cse utilizaron aviones y misiles de fabricaci\u00f3n estadounidense en el ataque terrorista llevado a cabo por la entidad sionista contra el edificio diplom\u00e1tico iran\u00ed en Damasco\u201d, y agreg\u00f3 que \u201cTeher\u00e1n responsabilizar\u00e1 a los agresores y los castigar\u00e1, adem\u00e1s de las medidas legales e internacionales\u201d.<\/p>\n<p style=\"text-align: justify;\">El lunes \u00faltimo, Israel lanz\u00f3 un ataque a\u00e9reo desde la direcci\u00f3n del Gol\u00e1n sirio ocupado, y destruy\u00f3 el edificio del consulado iran\u00ed en Damasco.<\/p>\n<p style=\"text-align: justify;\">fm\/rr<\/p>\n","protected":false},"excerpt":{"rendered":"<p>Mascate, 7 abr (SANA)\u00a0 \u00a0El ministro de Asuntos Exteriores iran\u00ed, Hossein Amir Abdollahian, anunci\u00f3 hoy que el ataque israel\u00ed al consulado iran\u00ed en Damasco se llev\u00f3 a cabo con misiles de fabricaci\u00f3n estadounidense. En declaraciones durante su visita al Sultanato de Om\u00e1n, el jefe de la diplomacia iran\u00ed dijo que \u201cse utilizaron aviones y misiles &hellip;<\/p>\n","protected":false},"author":31,"featured_media":326566,"comment_status":"closed","ping_status":"closed","sticky":false,"template":"","format":"standard","meta":{"footnotes":""},"categories":[597,456,16687,467,7541],"tags":[22483,7161,2866,6553,22487],"class_list":["post-326565","post","type-post","status-publish","format-standard","has-post-thumbnail","","category-cinta-de-noticias","category-arabe-internacional-politica","category-internacionales","category-siria-y-el-mundo","category-ultimas-noticias","tag-consulado","tag-damasco","tag-iran","tag-siria","tag-taque"],"_links":{"self":[{"href":"https:\/\/archive.sana.sy\/es\/index.php?rest_route=\/wp\/v2\/posts\/326565"}],"collection":[{"href":"https:\/\/archive.sana.sy\/es\/index.php?rest_route=\/wp\/v2\/posts"}],"about":[{"href":"https:\/\/archive.sana.sy\/es\/index.php?rest_route=\/wp\/v2\/types\/post"}],"author":[{"embeddable":true,"href":"https:\/\/archive.sana.sy\/es\/index.php?rest_route=\/wp\/v2\/users\/31"}],"replies":[{"embeddable":true,"href":"https:\/\/archive.sana.sy\/es\/index.php?rest_route=%2Fwp%2Fv2%2Fcomments&post=326565"}],"version-history":[{"count":1,"href":"https:\/\/archive.sana.sy\/es\/index.php?rest_route=\/wp\/v2\/posts\/326565\/revisions"}],"predecessor-version":[{"id":326567,"href":"https:\/\/archive.sana.sy\/es\/index.php?rest_route=\/wp\/v2\/posts\/326565\/revisions\/326567"}],"wp:featuredmedia":[{"embeddable":true,"href":"https:\/\/archive.sana.sy\/es\/index.php?rest_route=\/wp\/v2\/media\/326566"}],"wp:attachment":[{"href":"https:\/\/archive.sana.sy\/es\/index.php?rest_route=%2Fwp%2Fv2%2Fmedia&parent=326565"}],"wp:term":[{"taxonomy":"category","embeddable":true,"href":"https:\/\/archive.sana.sy\/es\/index.php?rest_route=%2Fwp%2Fv2%2Fcategories&post=326565"},{"taxonomy":"post_tag","embeddable":true,"href":"https:\/\/archive.sana.sy\/es\/index.php?rest_route=%2Fwp%2Fv2%2Ftags&post=326565"}],"curies":[{"name":"wp","href":"https:\/\/api.w.org\/{rel}","templated":true}]}}