{"id":326568,"date":"2024-04-07T19:27:09","date_gmt":"2024-04-07T16:27:09","guid":{"rendered":"https:\/\/sana.sy\/es\/?p=326568"},"modified":"2024-04-07T19:27:09","modified_gmt":"2024-04-07T16:27:09","slug":"ataques-de-ucrania-sin-precedentes-contra-la-central-nuclear-de-zaporozhie","status":"publish","type":"post","link":"https:\/\/archive.sana.sy\/es\/?p=326568","title":{"rendered":"Ataques de Ucrania sin precedentes contra la central nuclear de Zaporozhie"},"content":{"rendered":"<blockquote>\n<p style=\"text-align: justify;\"><span style=\"color: #993300;\">&#8220;Afortunadamente, no se han producido da\u00f1os cr\u00edticos ni v\u00edctimas mortales, la radiaci\u00f3n de fondo en la estaci\u00f3n y sus alrededores no ha cambiado y no excede los valores de fondo naturales&#8221;<\/span><\/p>\n<\/blockquote>\n<p style=\"text-align: justify;\"><span style=\"color: #800000;\"><strong>Mosc\u00fa, 7 abr (SANA)<\/strong><\/span>\u00a0 \u00a0La central nuclear de Zaporozhie en la provincia rusa de Energodar fue blanco de una serie de ataques &#8220;sin precedentes&#8221; por parte de las fuerzas de Kiev.<\/p>\n<p style=\"text-align: justify;\">Citada por RT, la corporaci\u00f3n estatal rusa de energ\u00eda at\u00f3mica, Rosatom, inform\u00f3 que como consecuencia de los bombardeos perpetrados con drones, tres trabajadores de la central han resultado heridos, uno de ellos de gravedad.<\/p>\n<p style=\"text-align: justify;\">&#8220;Afortunadamente, no se han producido da\u00f1os cr\u00edticos ni v\u00edctimas mortales, la radiaci\u00f3n de fondo en la estaci\u00f3n y sus alrededores no ha cambiado y no excede los valores de fondo naturales&#8221;, precis\u00f3 Rosatom.<\/p>\n<p style=\"text-align: justify;\">Por su parte, Rafael Grossi ha comunicado a trav\u00e9s de la cuenta oficial del OIEA en X que &#8220;los expertos&#8221; del organismo han sido informados esta jornada por parte de la central nuclear de Zaporozhie de que &#8220;en el lugar deton\u00f3 un dron&#8221;.<\/p>\n<p style=\"text-align: justify;\">fm\/rr<\/p>\n","protected":false},"excerpt":{"rendered":"<p>&#8220;Afortunadamente, no se han producido da\u00f1os cr\u00edticos ni v\u00edctimas mortales, la radiaci\u00f3n de fondo en la estaci\u00f3n y sus alrededores no ha cambiado y no excede los valores de fondo naturales&#8221; Mosc\u00fa, 7 abr (SANA)\u00a0 \u00a0La central nuclear de Zaporozhie en la provincia rusa de Energodar fue blanco de una serie de ataques &#8220;sin precedentes&#8221; &hellip;<\/p>\n","protected":false},"author":31,"featured_media":326569,"comment_status":"closed","ping_status":"closed","sticky":false,"template":"","format":"standard","meta":{"footnotes":""},"categories":[597,456,16687],"tags":[6695,20357],"class_list":["post-326568","post","type-post","status-publish","format-standard","has-post-thumbnail","","category-cinta-de-noticias","category-arabe-internacional-politica","category-internacionales","tag-rusia","tag-ucrania"],"_links":{"self":[{"href":"https:\/\/archive.sana.sy\/es\/index.php?rest_route=\/wp\/v2\/posts\/326568"}],"collection":[{"href":"https:\/\/archive.sana.sy\/es\/index.php?rest_route=\/wp\/v2\/posts"}],"about":[{"href":"https:\/\/archive.sana.sy\/es\/index.php?rest_route=\/wp\/v2\/types\/post"}],"author":[{"embeddable":true,"href":"https:\/\/archive.sana.sy\/es\/index.php?rest_route=\/wp\/v2\/users\/31"}],"replies":[{"embeddable":true,"href":"https:\/\/archive.sana.sy\/es\/index.php?rest_route=%2Fwp%2Fv2%2Fcomments&post=326568"}],"version-history":[{"count":1,"href":"https:\/\/archive.sana.sy\/es\/index.php?rest_route=\/wp\/v2\/posts\/326568\/revisions"}],"predecessor-version":[{"id":326570,"href":"https:\/\/archive.sana.sy\/es\/index.php?rest_route=\/wp\/v2\/posts\/326568\/revisions\/326570"}],"wp:featuredmedia":[{"embeddable":true,"href":"https:\/\/archive.sana.sy\/es\/index.php?rest_route=\/wp\/v2\/media\/326569"}],"wp:attachment":[{"href":"https:\/\/archive.sana.sy\/es\/index.php?rest_route=%2Fwp%2Fv2%2Fmedia&parent=326568"}],"wp:term":[{"taxonomy":"category","embeddable":true,"href":"https:\/\/archive.sana.sy\/es\/index.php?rest_route=%2Fwp%2Fv2%2Fcategories&post=326568"},{"taxonomy":"post_tag","embeddable":true,"href":"https:\/\/archive.sana.sy\/es\/index.php?rest_route=%2Fwp%2Fv2%2Ftags&post=326568"}],"curies":[{"name":"wp","href":"https:\/\/api.w.org\/{rel}","templated":true}]}}