{"id":326571,"date":"2024-04-07T20:09:00","date_gmt":"2024-04-07T17:09:00","guid":{"rendered":"https:\/\/sana.sy\/es\/?p=326571"},"modified":"2024-04-07T20:09:00","modified_gmt":"2024-04-07T17:09:00","slug":"ejercito-sirio-ataca-concentraciones-de-terroristas-en-palmira-idlib-y-deir-ezzor","status":"publish","type":"post","link":"https:\/\/archive.sana.sy\/es\/?p=326571","title":{"rendered":"Ej\u00e9rcito sirio ataca concentraciones de terroristas en Palmira, Idlib y Deir Ezzor"},"content":{"rendered":"<p style=\"text-align: justify;\"><span style=\"color: #800000;\"><strong>Damasco, 7 abr (SANA)<\/strong><\/span>\u00a0 \u00a0El Ej\u00e9rcito sirio, en cooperaci\u00f3n con las fuerzas rusas, realizaron una serie de operaciones militares contra las organizaciones terroristas presentes en el desierto de Palmira, y en las zonas rurales de las gobernaciones de Deir Ezzor e Idlib.<\/p>\n<p style=\"text-align: justify;\">\u201cLas unidades de las fuerzas armadas, junto con las rusas, llevaron a cabo durante los \u00faltimos d\u00edas, varios ataques con cazas, drones, artiller\u00eda y misiles contra cuarteles, fortificaciones, veh\u00edculos y dep\u00f3sitos de armas de los grupos terroristas\u201d, inform\u00f3 hoy una fuente militar a SANA.<\/p>\n<p style=\"text-align: justify;\">Detall\u00f3 que los ataques causaron la completa destrucci\u00f3n del material b\u00e9licos y de municiones de estos terroristas, as\u00ed como la muerte y herida de decenas de ellos, entre ellos l\u00edderes y mercenarios extranjeros.<\/p>\n<p style=\"text-align: justify;\">rr\/fm<\/p>\n","protected":false},"excerpt":{"rendered":"<p>Damasco, 7 abr (SANA)\u00a0 \u00a0El Ej\u00e9rcito sirio, en cooperaci\u00f3n con las fuerzas rusas, realizaron una serie de operaciones militares contra las organizaciones terroristas presentes en el desierto de Palmira, y en las zonas rurales de las gobernaciones de Deir Ezzor e Idlib. \u201cLas unidades de las fuerzas armadas, junto con las rusas, llevaron a cabo &hellip;<\/p>\n","protected":false},"author":31,"featured_media":326572,"comment_status":"closed","ping_status":"closed","sticky":false,"template":"","format":"standard","meta":{"footnotes":""},"categories":[597,573,476,7541],"tags":[10402,2546,8577,6695,6553],"class_list":["post-326571","post","type-post","status-publish","format-standard","has-post-thumbnail","","category-cinta-de-noticias","category-la-realidad-de-los-acontecimientos-en-siria","category-locales","category-ultimas-noticias","tag-deir-ezzor","tag-idleb","tag-palmira","tag-rusia","tag-siria"],"_links":{"self":[{"href":"https:\/\/archive.sana.sy\/es\/index.php?rest_route=\/wp\/v2\/posts\/326571"}],"collection":[{"href":"https:\/\/archive.sana.sy\/es\/index.php?rest_route=\/wp\/v2\/posts"}],"about":[{"href":"https:\/\/archive.sana.sy\/es\/index.php?rest_route=\/wp\/v2\/types\/post"}],"author":[{"embeddable":true,"href":"https:\/\/archive.sana.sy\/es\/index.php?rest_route=\/wp\/v2\/users\/31"}],"replies":[{"embeddable":true,"href":"https:\/\/archive.sana.sy\/es\/index.php?rest_route=%2Fwp%2Fv2%2Fcomments&post=326571"}],"version-history":[{"count":1,"href":"https:\/\/archive.sana.sy\/es\/index.php?rest_route=\/wp\/v2\/posts\/326571\/revisions"}],"predecessor-version":[{"id":326573,"href":"https:\/\/archive.sana.sy\/es\/index.php?rest_route=\/wp\/v2\/posts\/326571\/revisions\/326573"}],"wp:featuredmedia":[{"embeddable":true,"href":"https:\/\/archive.sana.sy\/es\/index.php?rest_route=\/wp\/v2\/media\/326572"}],"wp:attachment":[{"href":"https:\/\/archive.sana.sy\/es\/index.php?rest_route=%2Fwp%2Fv2%2Fmedia&parent=326571"}],"wp:term":[{"taxonomy":"category","embeddable":true,"href":"https:\/\/archive.sana.sy\/es\/index.php?rest_route=%2Fwp%2Fv2%2Fcategories&post=326571"},{"taxonomy":"post_tag","embeddable":true,"href":"https:\/\/archive.sana.sy\/es\/index.php?rest_route=%2Fwp%2Fv2%2Ftags&post=326571"}],"curies":[{"name":"wp","href":"https:\/\/api.w.org\/{rel}","templated":true}]}}