{"id":32660,"date":"2015-11-01T16:58:28","date_gmt":"2015-11-01T14:58:28","guid":{"rendered":"http:\/\/sana.sy\/es\/?p=32660"},"modified":"2015-11-01T16:58:55","modified_gmt":"2015-11-01T14:58:55","slug":"sayed-jamenei-reitera-apoyo-de-iran-al-derecho-de-autodeterminacion-de-los-sirios","status":"publish","type":"post","link":"https:\/\/archive.sana.sy\/es\/?p=32660","title":{"rendered":"Sayed Jamenei reitera apoyo de Ir\u00e1n al derecho de autodeterminaci\u00f3n de los sirios"},"content":{"rendered":"<p><span style=\"color: #800000\">Teher\u00e1n, SANA<\/span><\/p>\n<p>El l\u00edder de la Revoluci\u00f3n Isl\u00e1mica de Ir\u00e1n, el ayatol\u00e1 Seyed Ali Jamenei, destac\u00f3 la necesidad de detener la guerra y el caos en Siria para que el pueblo sirio pueda elegir al presidente que anhela en un ambiente seguro y tranquilo.<\/p>\n<p>Estas declaraciones del Sayed Jamenei se emitieron durante una reuni\u00f3n mantenida este domingo con el ministro iran\u00ed de Exteriores, Mohamad Yavad Zarif, y los embajadores y representantes del pa\u00eds persa en el extranjero.<\/p>\n<p>Asimismo reiter\u00f3 la postura de su pa\u00eds en apoyo al\u00a0derecho del pueblo sirio a la autodeterminaci\u00f3n, subrayando que ning\u00fan pa\u00eds en el mundo puede tomar decisiones en el lugar de este pueblo.<\/p>\n<p>&nbsp;<\/p>\n<p>&nbsp;<\/p>\n<p>Lynn A.<\/p>\n","protected":false},"excerpt":{"rendered":"<p>Teher\u00e1n, SANA El l\u00edder de la Revoluci\u00f3n Isl\u00e1mica de Ir\u00e1n, el ayatol\u00e1 Seyed Ali Jamenei, destac\u00f3 la necesidad de detener la guerra y el caos en Siria para que el pueblo sirio pueda elegir al presidente que anhela en un ambiente seguro y tranquilo. Estas declaraciones del Sayed Jamenei se emitieron durante una reuni\u00f3n mantenida &hellip;<\/p>\n","protected":false},"author":24,"featured_media":32661,"comment_status":"closed","ping_status":"closed","sticky":false,"template":"","format":"standard","meta":{"footnotes":""},"categories":[597,456,457,576],"tags":[],"class_list":["post-32660","post","type-post","status-publish","format-standard","has-post-thumbnail","","category-cinta-de-noticias","category-arabe-internacional-politica","category-noticias-arabe-internacional-politica","category-noticias-politicas"],"_links":{"self":[{"href":"https:\/\/archive.sana.sy\/es\/index.php?rest_route=\/wp\/v2\/posts\/32660"}],"collection":[{"href":"https:\/\/archive.sana.sy\/es\/index.php?rest_route=\/wp\/v2\/posts"}],"about":[{"href":"https:\/\/archive.sana.sy\/es\/index.php?rest_route=\/wp\/v2\/types\/post"}],"author":[{"embeddable":true,"href":"https:\/\/archive.sana.sy\/es\/index.php?rest_route=\/wp\/v2\/users\/24"}],"replies":[{"embeddable":true,"href":"https:\/\/archive.sana.sy\/es\/index.php?rest_route=%2Fwp%2Fv2%2Fcomments&post=32660"}],"version-history":[{"count":0,"href":"https:\/\/archive.sana.sy\/es\/index.php?rest_route=\/wp\/v2\/posts\/32660\/revisions"}],"wp:featuredmedia":[{"embeddable":true,"href":"https:\/\/archive.sana.sy\/es\/index.php?rest_route=\/wp\/v2\/media\/32661"}],"wp:attachment":[{"href":"https:\/\/archive.sana.sy\/es\/index.php?rest_route=%2Fwp%2Fv2%2Fmedia&parent=32660"}],"wp:term":[{"taxonomy":"category","embeddable":true,"href":"https:\/\/archive.sana.sy\/es\/index.php?rest_route=%2Fwp%2Fv2%2Fcategories&post=32660"},{"taxonomy":"post_tag","embeddable":true,"href":"https:\/\/archive.sana.sy\/es\/index.php?rest_route=%2Fwp%2Fv2%2Ftags&post=32660"}],"curies":[{"name":"wp","href":"https:\/\/api.w.org\/{rel}","templated":true}]}}