{"id":326605,"date":"2024-04-08T16:05:11","date_gmt":"2024-04-08T13:05:11","guid":{"rendered":"https:\/\/sana.sy\/es\/?p=326605"},"modified":"2024-04-08T16:05:11","modified_gmt":"2024-04-08T13:05:11","slug":"33-207-muertos-y-75-933-heridos-es-el-saldo-de-victimas-de-185-dias-de-agresion-israeli-contra-gaza","status":"publish","type":"post","link":"https:\/\/archive.sana.sy\/es\/?p=326605","title":{"rendered":"33.207 muertos y 75.933 heridos es el saldo de v\u00edctimas de 185 d\u00edas de agresi\u00f3n israel\u00ed contra Gaza"},"content":{"rendered":"<p style=\"text-align: justify;\"><span style=\"color: #800000;\"><strong>Jerusal\u00e9n ocupada, 8 abr (SANA)<\/strong><\/span> El Ministerio de Salud palestino anunci\u00f3 hoy que 32 palestinos fueron asesinados y otros 47 resultaron heridos por las fuerzas de ocupaci\u00f3n israel\u00edes durante las \u00faltimas 24 horas.<\/p>\n<p style=\"text-align: justify;\">Durante 185 d\u00edas de agresi\u00f3n israel\u00ed contra la Franja de Gaza, el n\u00famero de v\u00edctimas aument\u00f3 a 33.207 muertos y 75.933 heridos, indic\u00f3 el ente de salud por medio de un comunicado.<\/p>\n<p style=\"text-align: justify;\">Agreg\u00f3 que un n\u00famero de v\u00edctimas todav\u00eda est\u00e1 bajo los escombros o tirado en las carreteras y en ambulancias y los equipos de defensa civil no pueden acceder a los mismos.<\/p>\n<p style=\"text-align: justify;\">Seg\u00fan informaron medios de prensa palestinos, durante las \u00faltimas horas, la aviaci\u00f3n b\u00e9lica israel\u00ed bombarde\u00f3 varios viviendas en los campos de Shujaya, Nuseirat y Maghazi en el centro de Gaza, lo que provoc\u00f3 la muerte de ocho palestinos y la lesi\u00f3n de otros.<\/p>\n<p style=\"text-align: justify;\">En la ciudad sure\u00f1a de Rafah, varias viviendas, instalaciones y tierras agr\u00edcolas fueron blancos de ataques a\u00e9reos sionistas.<\/p>\n<p style=\"text-align: justify;\">fm\/ed<\/p>\n","protected":false},"excerpt":{"rendered":"<p>Jerusal\u00e9n ocupada, 8 abr (SANA) El Ministerio de Salud palestino anunci\u00f3 hoy que 32 palestinos fueron asesinados y otros 47 resultaron heridos por las fuerzas de ocupaci\u00f3n israel\u00edes durante las \u00faltimas 24 horas. Durante 185 d\u00edas de agresi\u00f3n israel\u00ed contra la Franja de Gaza, el n\u00famero de v\u00edctimas aument\u00f3 a 33.207 muertos y 75.933 heridos, &hellip;<\/p>\n","protected":false},"author":32,"featured_media":326606,"comment_status":"closed","ping_status":"closed","sticky":false,"template":"","format":"standard","meta":{"footnotes":""},"categories":[597,456,20724,583],"tags":[],"class_list":["post-326605","post","type-post","status-publish","format-standard","has-post-thumbnail","","category-cinta-de-noticias","category-arabe-internacional-politica","category-minuto-a-minuto","category-slide"],"_links":{"self":[{"href":"https:\/\/archive.sana.sy\/es\/index.php?rest_route=\/wp\/v2\/posts\/326605"}],"collection":[{"href":"https:\/\/archive.sana.sy\/es\/index.php?rest_route=\/wp\/v2\/posts"}],"about":[{"href":"https:\/\/archive.sana.sy\/es\/index.php?rest_route=\/wp\/v2\/types\/post"}],"author":[{"embeddable":true,"href":"https:\/\/archive.sana.sy\/es\/index.php?rest_route=\/wp\/v2\/users\/32"}],"replies":[{"embeddable":true,"href":"https:\/\/archive.sana.sy\/es\/index.php?rest_route=%2Fwp%2Fv2%2Fcomments&post=326605"}],"version-history":[{"count":1,"href":"https:\/\/archive.sana.sy\/es\/index.php?rest_route=\/wp\/v2\/posts\/326605\/revisions"}],"predecessor-version":[{"id":326607,"href":"https:\/\/archive.sana.sy\/es\/index.php?rest_route=\/wp\/v2\/posts\/326605\/revisions\/326607"}],"wp:featuredmedia":[{"embeddable":true,"href":"https:\/\/archive.sana.sy\/es\/index.php?rest_route=\/wp\/v2\/media\/326606"}],"wp:attachment":[{"href":"https:\/\/archive.sana.sy\/es\/index.php?rest_route=%2Fwp%2Fv2%2Fmedia&parent=326605"}],"wp:term":[{"taxonomy":"category","embeddable":true,"href":"https:\/\/archive.sana.sy\/es\/index.php?rest_route=%2Fwp%2Fv2%2Fcategories&post=326605"},{"taxonomy":"post_tag","embeddable":true,"href":"https:\/\/archive.sana.sy\/es\/index.php?rest_route=%2Fwp%2Fv2%2Ftags&post=326605"}],"curies":[{"name":"wp","href":"https:\/\/api.w.org\/{rel}","templated":true}]}}