{"id":326615,"date":"2024-04-08T17:06:20","date_gmt":"2024-04-08T14:06:20","guid":{"rendered":"https:\/\/sana.sy\/es\/?p=326615"},"modified":"2024-04-08T17:06:20","modified_gmt":"2024-04-08T14:06:20","slug":"al-assad-destaca-rol-de-la-institucion-religiosa-en-consolidar-la-cohesion-de-la-sociedad-siria","status":"publish","type":"post","link":"https:\/\/archive.sana.sy\/es\/?p=326615","title":{"rendered":"Al-Assad destaca rol de la instituci\u00f3n religiosa en consolidar la cohesi\u00f3n de la sociedad siria"},"content":{"rendered":"<p style=\"text-align: justify;\"><span style=\"color: #800000;\"><strong>Damasco, 8 abr (SANA)<\/strong><\/span>\u00a0 \u00a0El presidente sirio Bashar Al-Assad, recibi\u00f3 hoy a un grupo de destacados ulemas musulmanes del Levante, en presencia del ministro de Asuntos Religiosos, Mohamed Abdulsattar Al-Sayed.<\/p>\n<p style=\"text-align: justify;\">El mandatario destac\u00f3 el papel de la instituci\u00f3n religiosa en la consolidaci\u00f3n de la estabilidad y cohesi\u00f3n de la sociedad a trav\u00e9s de su enfoque correcto a los asuntos religiosos.<\/p>\n<p style=\"text-align: justify;\">Los esfuerzos de todos los ulemas se han acumulado a lo largo de los \u00faltimos a\u00f1os hasta que comenzaron a observarse los frutos de los mismos en los diversos segmentos de la sociedad siria, que demostr\u00f3 madurez intelectual, cognitiva y religiosa, consider\u00f3 Al-Assad.<\/p>\n<p style=\"text-align: justify;\">El presidente destac\u00f3 que el compromiso de la instituci\u00f3n religiosa siria con la correcta comprensi\u00f3n del Sagrado Cor\u00e1n y los dichos del noble Profeta, lo contribuy\u00f3 principalmente a ense\u00f1ar la gente el Islam revelado por Dios.<\/p>\n<p style=\"text-align: justify;\">No existe un Islam moderado y extremista, sino un Islam \u00fanico, concluy\u00f3.<\/p>\n<div id='gallery-1' class='gallery galleryid-326615 gallery-columns-1 gallery-size-full'><figure class='gallery-item'>\n\t\t\t<div class='gallery-icon landscape'>\n\t\t\t\t<a href='https:\/\/archive.sana.sy\/es\/wp-content\/uploads\/2024\/04\/photo_2024-04-08_16-29-27-2.jpg'><img loading=\"lazy\" decoding=\"async\" width=\"1280\" height=\"479\" src=\"https:\/\/archive.sana.sy\/es\/wp-content\/uploads\/2024\/04\/photo_2024-04-08_16-29-27-2.jpg\" class=\"attachment-full size-full\" alt=\"\" srcset=\"https:\/\/archive.sana.sy\/es\/wp-content\/uploads\/2024\/04\/photo_2024-04-08_16-29-27-2.jpg 1280w, https:\/\/archive.sana.sy\/es\/wp-content\/uploads\/2024\/04\/photo_2024-04-08_16-29-27-2-300x112.jpg 300w, https:\/\/archive.sana.sy\/es\/wp-content\/uploads\/2024\/04\/photo_2024-04-08_16-29-27-2-1024x383.jpg 1024w, https:\/\/archive.sana.sy\/es\/wp-content\/uploads\/2024\/04\/photo_2024-04-08_16-29-27-2-150x56.jpg 150w, https:\/\/archive.sana.sy\/es\/wp-content\/uploads\/2024\/04\/photo_2024-04-08_16-29-27-2-768x287.jpg 768w\" sizes=\"(max-width: 1280px) 100vw, 1280px\" \/><\/a>\n\t\t\t<\/div><\/figure><figure class='gallery-item'>\n\t\t\t<div class='gallery-icon landscape'>\n\t\t\t\t<a href='https:\/\/archive.sana.sy\/es\/wp-content\/uploads\/2024\/04\/photo_2024-04-08_16-29-27.jpg'><img loading=\"lazy\" decoding=\"async\" width=\"1280\" height=\"584\" src=\"https:\/\/archive.sana.sy\/es\/wp-content\/uploads\/2024\/04\/photo_2024-04-08_16-29-27.jpg\" class=\"attachment-full size-full\" alt=\"\" srcset=\"https:\/\/archive.sana.sy\/es\/wp-content\/uploads\/2024\/04\/photo_2024-04-08_16-29-27.jpg 1280w, https:\/\/archive.sana.sy\/es\/wp-content\/uploads\/2024\/04\/photo_2024-04-08_16-29-27-300x137.jpg 300w, https:\/\/archive.sana.sy\/es\/wp-content\/uploads\/2024\/04\/photo_2024-04-08_16-29-27-1024x467.jpg 1024w, https:\/\/archive.sana.sy\/es\/wp-content\/uploads\/2024\/04\/photo_2024-04-08_16-29-27-150x68.jpg 150w, https:\/\/archive.sana.sy\/es\/wp-content\/uploads\/2024\/04\/photo_2024-04-08_16-29-27-768x350.jpg 768w\" sizes=\"(max-width: 1280px) 100vw, 1280px\" \/><\/a>\n\t\t\t<\/div><\/figure>\n\t\t<\/div>\n\n<p style=\"text-align: justify;\">fm<\/p>\n<p style=\"text-align: justify;\">\n","protected":false},"excerpt":{"rendered":"<p>Damasco, 8 abr (SANA)\u00a0 \u00a0El presidente sirio Bashar Al-Assad, recibi\u00f3 hoy a un grupo de destacados ulemas musulmanes del Levante, en presencia del ministro de Asuntos Religiosos, Mohamed Abdulsattar Al-Sayed. El mandatario destac\u00f3 el papel de la instituci\u00f3n religiosa en la consolidaci\u00f3n de la estabilidad y cohesi\u00f3n de la sociedad a trav\u00e9s de su enfoque &hellip;<\/p>\n","protected":false},"author":34,"featured_media":326616,"comment_status":"closed","ping_status":"closed","sticky":false,"template":"","format":"standard","meta":{"footnotes":""},"categories":[447,477,597,20724,476,16237,583,626],"tags":[],"class_list":["post-326615","post","type-post","status-publish","format-standard","has-post-thumbnail","","category-local-politica","category-noticias-edulcorantes","category-cinta-de-noticias","category-minuto-a-minuto","category-locales","category-presidence-de-la-republique-arabe-syria","category-slide","category-sr-presidente"],"_links":{"self":[{"href":"https:\/\/archive.sana.sy\/es\/index.php?rest_route=\/wp\/v2\/posts\/326615"}],"collection":[{"href":"https:\/\/archive.sana.sy\/es\/index.php?rest_route=\/wp\/v2\/posts"}],"about":[{"href":"https:\/\/archive.sana.sy\/es\/index.php?rest_route=\/wp\/v2\/types\/post"}],"author":[{"embeddable":true,"href":"https:\/\/archive.sana.sy\/es\/index.php?rest_route=\/wp\/v2\/users\/34"}],"replies":[{"embeddable":true,"href":"https:\/\/archive.sana.sy\/es\/index.php?rest_route=%2Fwp%2Fv2%2Fcomments&post=326615"}],"version-history":[{"count":1,"href":"https:\/\/archive.sana.sy\/es\/index.php?rest_route=\/wp\/v2\/posts\/326615\/revisions"}],"predecessor-version":[{"id":326619,"href":"https:\/\/archive.sana.sy\/es\/index.php?rest_route=\/wp\/v2\/posts\/326615\/revisions\/326619"}],"wp:featuredmedia":[{"embeddable":true,"href":"https:\/\/archive.sana.sy\/es\/index.php?rest_route=\/wp\/v2\/media\/326616"}],"wp:attachment":[{"href":"https:\/\/archive.sana.sy\/es\/index.php?rest_route=%2Fwp%2Fv2%2Fmedia&parent=326615"}],"wp:term":[{"taxonomy":"category","embeddable":true,"href":"https:\/\/archive.sana.sy\/es\/index.php?rest_route=%2Fwp%2Fv2%2Fcategories&post=326615"},{"taxonomy":"post_tag","embeddable":true,"href":"https:\/\/archive.sana.sy\/es\/index.php?rest_route=%2Fwp%2Fv2%2Ftags&post=326615"}],"curies":[{"name":"wp","href":"https:\/\/api.w.org\/{rel}","templated":true}]}}