{"id":326621,"date":"2024-04-08T17:26:32","date_gmt":"2024-04-08T14:26:32","guid":{"rendered":"https:\/\/sana.sy\/es\/?p=326621"},"modified":"2024-04-08T18:32:02","modified_gmt":"2024-04-08T15:32:02","slug":"inauguran-el-nuevo-edificio-del-consulado-de-iran-en-damasco","status":"publish","type":"post","link":"https:\/\/archive.sana.sy\/es\/?p=326621","title":{"rendered":"Inauguran el nuevo edificio del consulado de Ir\u00e1n en Damasco"},"content":{"rendered":"<p style=\"text-align: justify;\"><span style=\"color: #800000;\"><strong>Damasco, 8 abr (SANA)\u00a0<\/strong> <\/span>\u00a0Se inaugur\u00f3 hoy en la capital Damasco el nuevo edificio del consulado de Ir\u00e1n en presencia de los ministros de Asuntos Exteriores de Siria, Faisal Al-Mekdad, y de Ir\u00e1n, Hossein Amir Abdollahian.<\/p>\n<p style=\"text-align: justify;\">Esto ocurre al paso de una semana de la agresi\u00f3n israel\u00ed que destruy\u00f3 el consulado de Ir\u00e1n en Damasco.<\/p>\n<p style=\"text-align: justify;\">Asimismo, los dos cancilleres visitaron a uno de los heridos de la agresi\u00f3n israel\u00ed contra el consulado iran\u00ed, quien recibe tratamiento en el hospital docente Al-Mouwasat de Damasco.<\/p>\n<div id='gallery-1' class='gallery galleryid-326621 gallery-columns-1 gallery-size-full'><figure class='gallery-item'>\n\t\t\t<div class='gallery-icon landscape'>\n\t\t\t\t<a href='https:\/\/archive.sana.sy\/es\/wp-content\/uploads\/2024\/04\/photo_2024-04-08_17-15-05-2.jpg'><img loading=\"lazy\" decoding=\"async\" width=\"1280\" height=\"752\" src=\"https:\/\/archive.sana.sy\/es\/wp-content\/uploads\/2024\/04\/photo_2024-04-08_17-15-05-2.jpg\" class=\"attachment-full size-full\" alt=\"\" srcset=\"https:\/\/archive.sana.sy\/es\/wp-content\/uploads\/2024\/04\/photo_2024-04-08_17-15-05-2.jpg 1280w, https:\/\/archive.sana.sy\/es\/wp-content\/uploads\/2024\/04\/photo_2024-04-08_17-15-05-2-300x176.jpg 300w, https:\/\/archive.sana.sy\/es\/wp-content\/uploads\/2024\/04\/photo_2024-04-08_17-15-05-2-1024x602.jpg 1024w, https:\/\/archive.sana.sy\/es\/wp-content\/uploads\/2024\/04\/photo_2024-04-08_17-15-05-2-150x88.jpg 150w, https:\/\/archive.sana.sy\/es\/wp-content\/uploads\/2024\/04\/photo_2024-04-08_17-15-05-2-768x451.jpg 768w\" sizes=\"(max-width: 1280px) 100vw, 1280px\" \/><\/a>\n\t\t\t<\/div><\/figure><figure class='gallery-item'>\n\t\t\t<div class='gallery-icon landscape'>\n\t\t\t\t<a href='https:\/\/archive.sana.sy\/es\/wp-content\/uploads\/2024\/04\/photo_2024-04-08_17-15-05-3.jpg'><img loading=\"lazy\" decoding=\"async\" width=\"1280\" height=\"806\" src=\"https:\/\/archive.sana.sy\/es\/wp-content\/uploads\/2024\/04\/photo_2024-04-08_17-15-05-3.jpg\" class=\"attachment-full size-full\" alt=\"\" srcset=\"https:\/\/archive.sana.sy\/es\/wp-content\/uploads\/2024\/04\/photo_2024-04-08_17-15-05-3.jpg 1280w, https:\/\/archive.sana.sy\/es\/wp-content\/uploads\/2024\/04\/photo_2024-04-08_17-15-05-3-300x189.jpg 300w, https:\/\/archive.sana.sy\/es\/wp-content\/uploads\/2024\/04\/photo_2024-04-08_17-15-05-3-1024x645.jpg 1024w, https:\/\/archive.sana.sy\/es\/wp-content\/uploads\/2024\/04\/photo_2024-04-08_17-15-05-3-150x94.jpg 150w, https:\/\/archive.sana.sy\/es\/wp-content\/uploads\/2024\/04\/photo_2024-04-08_17-15-05-3-768x484.jpg 768w\" sizes=\"(max-width: 1280px) 100vw, 1280px\" \/><\/a>\n\t\t\t<\/div><\/figure>\n\t\t<\/div>\n\n","protected":false},"excerpt":{"rendered":"<p>Damasco, 8 abr (SANA)\u00a0 \u00a0Se inaugur\u00f3 hoy en la capital Damasco el nuevo edificio del consulado de Ir\u00e1n en presencia de los ministros de Asuntos Exteriores de Siria, Faisal Al-Mekdad, y de Ir\u00e1n, Hossein Amir Abdollahian. Esto ocurre al paso de una semana de la agresi\u00f3n israel\u00ed que destruy\u00f3 el consulado de Ir\u00e1n en Damasco. &hellip;<\/p>\n","protected":false},"author":31,"featured_media":326622,"comment_status":"closed","ping_status":"closed","sticky":false,"template":"","format":"standard","meta":{"footnotes":""},"categories":[597,476,467,7541],"tags":[22483,7161,2866,6553],"class_list":["post-326621","post","type-post","status-publish","format-standard","has-post-thumbnail","","category-cinta-de-noticias","category-locales","category-siria-y-el-mundo","category-ultimas-noticias","tag-consulado","tag-damasco","tag-iran","tag-siria"],"_links":{"self":[{"href":"https:\/\/archive.sana.sy\/es\/index.php?rest_route=\/wp\/v2\/posts\/326621"}],"collection":[{"href":"https:\/\/archive.sana.sy\/es\/index.php?rest_route=\/wp\/v2\/posts"}],"about":[{"href":"https:\/\/archive.sana.sy\/es\/index.php?rest_route=\/wp\/v2\/types\/post"}],"author":[{"embeddable":true,"href":"https:\/\/archive.sana.sy\/es\/index.php?rest_route=\/wp\/v2\/users\/31"}],"replies":[{"embeddable":true,"href":"https:\/\/archive.sana.sy\/es\/index.php?rest_route=%2Fwp%2Fv2%2Fcomments&post=326621"}],"version-history":[{"count":5,"href":"https:\/\/archive.sana.sy\/es\/index.php?rest_route=\/wp\/v2\/posts\/326621\/revisions"}],"predecessor-version":[{"id":326630,"href":"https:\/\/archive.sana.sy\/es\/index.php?rest_route=\/wp\/v2\/posts\/326621\/revisions\/326630"}],"wp:featuredmedia":[{"embeddable":true,"href":"https:\/\/archive.sana.sy\/es\/index.php?rest_route=\/wp\/v2\/media\/326622"}],"wp:attachment":[{"href":"https:\/\/archive.sana.sy\/es\/index.php?rest_route=%2Fwp%2Fv2%2Fmedia&parent=326621"}],"wp:term":[{"taxonomy":"category","embeddable":true,"href":"https:\/\/archive.sana.sy\/es\/index.php?rest_route=%2Fwp%2Fv2%2Fcategories&post=326621"},{"taxonomy":"post_tag","embeddable":true,"href":"https:\/\/archive.sana.sy\/es\/index.php?rest_route=%2Fwp%2Fv2%2Ftags&post=326621"}],"curies":[{"name":"wp","href":"https:\/\/api.w.org\/{rel}","templated":true}]}}