{"id":326629,"date":"2024-04-08T17:00:48","date_gmt":"2024-04-08T14:00:48","guid":{"rendered":"https:\/\/sana.sy\/es\/?p=326629"},"modified":"2024-04-08T19:05:52","modified_gmt":"2024-04-08T16:05:52","slug":"cancilleres-de-siria-e-iran-sostienen-una-rueda-de-prensa-y-abordan-el-reciente-ataque-israeli-a-consulado-irani","status":"publish","type":"post","link":"https:\/\/archive.sana.sy\/es\/?p=326629","title":{"rendered":"Cancilleres de Siria e Ir\u00e1n sostienen una rueda de prensa y abordan el reciente ataque israel\u00ed a consulado iran\u00ed"},"content":{"rendered":"<p style=\"text-align: justify;\"><span style=\"color: #800000;\"><strong>Damasco, 8 abr (SANA)\u00a0<\/strong><\/span> \u00a0Los ministros de Asuntos Exteriores de Siria, Faisal Al-Mekdad, y de Ir\u00e1n, Hossein Amir Abdollahian, sostuvieron hoy una rueda de prensa en la sede de la Canciller\u00eda siria en esta capital.<\/p>\n<p style=\"text-align: justify;\"><strong><span style=\"color: #000080;\">Al-Mekdad: Estados Unidos es responsable de la continuaci\u00f3n del genocidio en Gaza<\/span><\/strong><\/p>\n<p style=\"text-align: justify;\">El jefe de la diplomacia siria afirm\u00f3 que la agresi\u00f3n israel\u00ed al consulado iran\u00ed en Damasco constituye una violaci\u00f3n del Derecho Internacional y de todos los valores humanos.<\/p>\n<p style=\"text-align: justify;\">\u201cIsrael es una entidad sionista y fascista basada en la malicia y el odio, y comete cr\u00edmenes y agresiones en la Franja de Gaza y Cisjordania, y contra los territorios sirios y libaneses\u201d, asegur\u00f3.<\/p>\n<p style=\"text-align: justify;\">Agreg\u00f3 que el ocupante israel\u00ed est\u00e1 cometiendo genocidio en Gaza, y Estados Unidos es responsable de la continuaci\u00f3n de este genocidio por su apoyo a Tel Aviv.<\/p>\n<p style=\"text-align: justify;\">El jefe de la diplomacia hizo un llamado, especialmente a Occidente y Estados Unidos, para detener esta masacre sionista en la Franja de Gaza.<\/p>\n<p style=\"text-align: justify;\"><span style=\"color: #000080;\"><strong>Abdollahian: La seguridad de Siria es parte de la seguridad de la regi\u00f3n.<\/strong><\/span><\/p>\n<p style=\"text-align: justify;\">A su vez, Abdollahian dijo que \u201cmantuvo conversaciones y consultas muy importantes con el amigo y hermano presidente Bashar Al-Assad, y abordamos las relaciones bilaterales e importantes cuestiones regionales e internacionales, especialmente las cuestiones relacionadas con Palestina y el crimen terrorista y de guerra cometido por Israel contra el consulado iran\u00ed en Damasco\u201d.<\/p>\n<p style=\"text-align: justify;\">\u201cIsrael est\u00e1 cometiendo cr\u00edmenes de guerra en la Franja de Gaza con el apoyo de Estados Unidos, y el ataque terrorista al consulado iran\u00ed en Damasco fue con el uso de cazas y misiles estadounidenses, afirm\u00f3 el Ministro persa.<\/p>\n<p style=\"text-align: justify;\">Acus\u00f3 a Estados Unidos de ser responsable del crimen terrorista de atacar al consulado iran\u00ed y asegur\u00f3 que Israel ser\u00e1 castigada por su crimen.<\/p>\n<p style=\"text-align: justify;\">\u201cEl hecho de que Estados Unidos y dos pa\u00edses europeos no hayan condenado la agresi\u00f3n israel\u00ed contra el consulado iran\u00ed indica que Washington ha dado luz verde a &#8220;Israel&#8221; para cometer este crimen\u201d, puntualiz\u00f3.<\/p>\n<p style=\"text-align: justify;\">De acuerdo con el jefe de la diplomacia iran\u00ed, la seguridad de Siria es parte de la seguridad de la regi\u00f3n.<\/p>\n<p style=\"text-align: justify;\">Continuamos nuestros incansables esfuerzos para detener la guerra de exterminio emprendida por la entidad sionista en la Franja de Gaza y entregarle ayuda humanitaria al pueblo palestino, concluy\u00f3 Abollahian.<\/p>\n<p style=\"text-align: justify;\">fm\/rr<\/p>\n","protected":false},"excerpt":{"rendered":"<p>Damasco, 8 abr (SANA)\u00a0 \u00a0Los ministros de Asuntos Exteriores de Siria, Faisal Al-Mekdad, y de Ir\u00e1n, Hossein Amir Abdollahian, sostuvieron hoy una rueda de prensa en la sede de la Canciller\u00eda siria en esta capital. Al-Mekdad: Estados Unidos es responsable de la continuaci\u00f3n del genocidio en Gaza El jefe de la diplomacia siria afirm\u00f3 que &hellip;<\/p>\n","protected":false},"author":31,"featured_media":326631,"comment_status":"closed","ping_status":"closed","sticky":false,"template":"","format":"standard","meta":{"footnotes":""},"categories":[597,476,467,583],"tags":[22483,7161,2866,6553],"class_list":["post-326629","post","type-post","status-publish","format-standard","has-post-thumbnail","","category-cinta-de-noticias","category-locales","category-siria-y-el-mundo","category-slide","tag-consulado","tag-damasco","tag-iran","tag-siria"],"_links":{"self":[{"href":"https:\/\/archive.sana.sy\/es\/index.php?rest_route=\/wp\/v2\/posts\/326629"}],"collection":[{"href":"https:\/\/archive.sana.sy\/es\/index.php?rest_route=\/wp\/v2\/posts"}],"about":[{"href":"https:\/\/archive.sana.sy\/es\/index.php?rest_route=\/wp\/v2\/types\/post"}],"author":[{"embeddable":true,"href":"https:\/\/archive.sana.sy\/es\/index.php?rest_route=\/wp\/v2\/users\/31"}],"replies":[{"embeddable":true,"href":"https:\/\/archive.sana.sy\/es\/index.php?rest_route=%2Fwp%2Fv2%2Fcomments&post=326629"}],"version-history":[{"count":1,"href":"https:\/\/archive.sana.sy\/es\/index.php?rest_route=\/wp\/v2\/posts\/326629\/revisions"}],"predecessor-version":[{"id":326632,"href":"https:\/\/archive.sana.sy\/es\/index.php?rest_route=\/wp\/v2\/posts\/326629\/revisions\/326632"}],"wp:featuredmedia":[{"embeddable":true,"href":"https:\/\/archive.sana.sy\/es\/index.php?rest_route=\/wp\/v2\/media\/326631"}],"wp:attachment":[{"href":"https:\/\/archive.sana.sy\/es\/index.php?rest_route=%2Fwp%2Fv2%2Fmedia&parent=326629"}],"wp:term":[{"taxonomy":"category","embeddable":true,"href":"https:\/\/archive.sana.sy\/es\/index.php?rest_route=%2Fwp%2Fv2%2Fcategories&post=326629"},{"taxonomy":"post_tag","embeddable":true,"href":"https:\/\/archive.sana.sy\/es\/index.php?rest_route=%2Fwp%2Fv2%2Ftags&post=326629"}],"curies":[{"name":"wp","href":"https:\/\/api.w.org\/{rel}","templated":true}]}}