{"id":326642,"date":"2024-04-09T11:02:32","date_gmt":"2024-04-09T08:02:32","guid":{"rendered":"https:\/\/sana.sy\/es\/?p=326642"},"modified":"2024-04-09T11:02:32","modified_gmt":"2024-04-09T08:02:32","slug":"mueren-mas-palestinos-en-los-continuos-bombardeos-israelies-en-gaza","status":"publish","type":"post","link":"https:\/\/archive.sana.sy\/es\/?p=326642","title":{"rendered":"Mueren m\u00e1s palestinos en los continuos bombardeos israel\u00edes en Gaza"},"content":{"rendered":"<p style=\"text-align: justify;\"><span style=\"color: #800000;\"><strong>Jerusal\u00e9n ocupada, 9 abr (SANA)\u00a0<\/strong><\/span> Varios palestinos perdieron la vida y otros resultaron heridos por bombardeos a\u00e9reos israel\u00edes contra varias zonas de la Franja de Gaza.<\/p>\n<p style=\"text-align: justify;\">De acuerdo con los reportes de los medios de prensa palestinos, los cazas israel\u00edes bombardearon viviendas en las ciudades de Gaza, Deir al-Balah, Rafah y zonas al norte de Gaza, lo que provoc\u00f3 la muerte de varios palestinos, incluidos ni\u00f1os y mujeres, mientras unas 20 personas resultaron lesionadas.<\/p>\n<p style=\"text-align: justify;\">El \u00faltimo lunes, varios palestinos perecieron por los bombardeos con artiller\u00eda y aviaci\u00f3n contra viviendas en el campo de refugiados de Al-Maghazi, en Khan Yunis y el barrio Al-Tuffah en la ciudad de Gaza.<\/p>\n<p style=\"text-align: justify;\">La v\u00edspera, el Ministerio de Salud palestino anunci\u00f3 que la cifra de v\u00edctimas de la agresi\u00f3n de la ocupaci\u00f3n contra Gaza ascendi\u00f3 a 33.207 muertos y 75.933 heridos, mientras que miles de personas siguen desaparecidas bajo los escombros y en las carreteras, y la ocupaci\u00f3n impide que lleguen los equipos de ambulancia.<\/p>\n<p style=\"text-align: justify;\">ed\/fm<\/p>\n","protected":false},"excerpt":{"rendered":"<p>Jerusal\u00e9n ocupada, 9 abr (SANA)\u00a0 Varios palestinos perdieron la vida y otros resultaron heridos por bombardeos a\u00e9reos israel\u00edes contra varias zonas de la Franja de Gaza. De acuerdo con los reportes de los medios de prensa palestinos, los cazas israel\u00edes bombardearon viviendas en las ciudades de Gaza, Deir al-Balah, Rafah y zonas al norte de &hellip;<\/p>\n","protected":false},"author":32,"featured_media":326643,"comment_status":"closed","ping_status":"closed","sticky":false,"template":"","format":"standard","meta":{"footnotes":""},"categories":[597,456,20724,7541],"tags":[],"class_list":["post-326642","post","type-post","status-publish","format-standard","has-post-thumbnail","","category-cinta-de-noticias","category-arabe-internacional-politica","category-minuto-a-minuto","category-ultimas-noticias"],"_links":{"self":[{"href":"https:\/\/archive.sana.sy\/es\/index.php?rest_route=\/wp\/v2\/posts\/326642"}],"collection":[{"href":"https:\/\/archive.sana.sy\/es\/index.php?rest_route=\/wp\/v2\/posts"}],"about":[{"href":"https:\/\/archive.sana.sy\/es\/index.php?rest_route=\/wp\/v2\/types\/post"}],"author":[{"embeddable":true,"href":"https:\/\/archive.sana.sy\/es\/index.php?rest_route=\/wp\/v2\/users\/32"}],"replies":[{"embeddable":true,"href":"https:\/\/archive.sana.sy\/es\/index.php?rest_route=%2Fwp%2Fv2%2Fcomments&post=326642"}],"version-history":[{"count":1,"href":"https:\/\/archive.sana.sy\/es\/index.php?rest_route=\/wp\/v2\/posts\/326642\/revisions"}],"predecessor-version":[{"id":326644,"href":"https:\/\/archive.sana.sy\/es\/index.php?rest_route=\/wp\/v2\/posts\/326642\/revisions\/326644"}],"wp:featuredmedia":[{"embeddable":true,"href":"https:\/\/archive.sana.sy\/es\/index.php?rest_route=\/wp\/v2\/media\/326643"}],"wp:attachment":[{"href":"https:\/\/archive.sana.sy\/es\/index.php?rest_route=%2Fwp%2Fv2%2Fmedia&parent=326642"}],"wp:term":[{"taxonomy":"category","embeddable":true,"href":"https:\/\/archive.sana.sy\/es\/index.php?rest_route=%2Fwp%2Fv2%2Fcategories&post=326642"},{"taxonomy":"post_tag","embeddable":true,"href":"https:\/\/archive.sana.sy\/es\/index.php?rest_route=%2Fwp%2Fv2%2Ftags&post=326642"}],"curies":[{"name":"wp","href":"https:\/\/api.w.org\/{rel}","templated":true}]}}