{"id":32670,"date":"2015-11-01T20:15:24","date_gmt":"2015-11-01T18:15:24","guid":{"rendered":"http:\/\/sana.sy\/es\/?p=32670"},"modified":"2015-11-02T19:31:04","modified_gmt":"2015-11-02T17:31:04","slug":"bajo-los-auspicios-del-presidente-al-assad-ceremonia-de-graduacion-de-un-nuevo-grupo-de-cadetes-de-la-academia-militar","status":"publish","type":"post","link":"https:\/\/archive.sana.sy\/es\/?p=32670","title":{"rendered":"Bajo los auspicios del Presidente Al-Assad\u2026 Ceremonia de graduaci\u00f3n de un nuevo grupo de cadetes de la Academia Militar"},"content":{"rendered":"<p>Homs-SANA<\/p>\n<p>Bajo los auspicios del Presidente Bashar Al-Assad, jefe supremo del Ej\u00e9rcito y de las Fuerzas Armadas se celebr\u00f3 la graduaci\u00f3n de un nuevo grupo de estudiantes de la Academia Militar.<\/p>\n<p>El director de la Academia, quien represent\u00f3 al presidente Al-Assad en la ceremonia transmiti\u00f3 las felicitaciones del presidente a los graduados.<\/p>\n<p>\u00a8Somos fuertes gracias a nuestro Ej\u00e9rcito, pueblo y sabidur\u00eda de nuestra dirigencia, a\u00f1\u00e1dale nuestros amigos honrosos quienes nos proporcionan el apoyo necesario para afrontar a la agresi\u00f3n desatada contra el pa\u00eds\u00a8, destac\u00f3.<\/p>\n<p>Yamil K.<\/p>\n","protected":false},"excerpt":{"rendered":"<p>Homs-SANA Bajo los auspicios del Presidente Bashar Al-Assad, jefe supremo del Ej\u00e9rcito y de las Fuerzas Armadas se celebr\u00f3 la graduaci\u00f3n de un nuevo grupo de estudiantes de la Academia Militar. El director de la Academia, quien represent\u00f3 al presidente Al-Assad en la ceremonia transmiti\u00f3 las felicitaciones del presidente a los graduados. \u00a8Somos fuertes gracias &hellip;<\/p>\n","protected":false},"author":1,"featured_media":32689,"comment_status":"closed","ping_status":"closed","sticky":false,"template":"","format":"standard","meta":{"footnotes":""},"categories":[476,457],"tags":[],"class_list":["post-32670","post","type-post","status-publish","format-standard","has-post-thumbnail","","category-locales","category-noticias-arabe-internacional-politica"],"_links":{"self":[{"href":"https:\/\/archive.sana.sy\/es\/index.php?rest_route=\/wp\/v2\/posts\/32670"}],"collection":[{"href":"https:\/\/archive.sana.sy\/es\/index.php?rest_route=\/wp\/v2\/posts"}],"about":[{"href":"https:\/\/archive.sana.sy\/es\/index.php?rest_route=\/wp\/v2\/types\/post"}],"author":[{"embeddable":true,"href":"https:\/\/archive.sana.sy\/es\/index.php?rest_route=\/wp\/v2\/users\/1"}],"replies":[{"embeddable":true,"href":"https:\/\/archive.sana.sy\/es\/index.php?rest_route=%2Fwp%2Fv2%2Fcomments&post=32670"}],"version-history":[{"count":0,"href":"https:\/\/archive.sana.sy\/es\/index.php?rest_route=\/wp\/v2\/posts\/32670\/revisions"}],"wp:featuredmedia":[{"embeddable":true,"href":"https:\/\/archive.sana.sy\/es\/index.php?rest_route=\/wp\/v2\/media\/32689"}],"wp:attachment":[{"href":"https:\/\/archive.sana.sy\/es\/index.php?rest_route=%2Fwp%2Fv2%2Fmedia&parent=32670"}],"wp:term":[{"taxonomy":"category","embeddable":true,"href":"https:\/\/archive.sana.sy\/es\/index.php?rest_route=%2Fwp%2Fv2%2Fcategories&post=32670"},{"taxonomy":"post_tag","embeddable":true,"href":"https:\/\/archive.sana.sy\/es\/index.php?rest_route=%2Fwp%2Fv2%2Ftags&post=32670"}],"curies":[{"name":"wp","href":"https:\/\/api.w.org\/{rel}","templated":true}]}}